{"id":14574,"date":"2023-02-01T15:33:35","date_gmt":"2023-02-01T18:33:35","guid":{"rendered":"http:\/\/dgospel.com.br\/portal\/?p=14574"},"modified":"2023-02-01T15:33:36","modified_gmt":"2023-02-01T18:33:36","slug":"na-posse-deputados-manifestam-fora-lula-e-fora-ladrao","status":"publish","type":"post","link":"https:\/\/dgospel.com.br\/portal\/index.php\/2023\/02\/01\/na-posse-deputados-manifestam-fora-lula-e-fora-ladrao\/","title":{"rendered":"Na posse, deputados manifestam: \u201cFora, Lula\u201d e \u201cFora, ladr\u00e3o\u201d"},"content":{"rendered":"\n<p>Deputados federais foram \u00e0 cerim\u00f4nia de posse na C\u00e2mara nesta quarta-feira, 1\u00ba, com adesivos de \u201cFora, Lula\u201d e \u201cFora, ladr\u00e3o\u201d colados nas roupas. Fotografias e v\u00eddeos de parlamentares do Partido Liberal (PL), sigla do ex-presidente&nbsp;<strong><a href=\"https:\/\/twitter.com\/jairbolsonaro\" target=\"_blank\" rel=\"noreferrer noopener\">Jair Bolsonaro<\/a><\/strong>, foram publicados nas redes sociais.<\/p>\n\n\n\n<p>Em uma das imagens, aparecem os deputados Eduardo Bolsonaro (SP), Julia Zanatta (SC), Gilvan da Federal (ES) e Gustavo Gayer (GO) com os adesivos colados nas roupas. A fotografia foi compartilhada e elogiada por pol\u00edticos de oposi\u00e7\u00e3o a Lula.<\/p>\n\n\n\n<p>A deputada Am\u00e1lia Barros (PL-MT) tamb\u00e9m publicou uma fotografia com v\u00e1rios deputados do PL, inclusive Carla Zambelli (PL-SP).<\/p>\n\n\n\n<p><\/p>\n\n\n\n<figure class=\"wp-block-image size-full\"><img loading=\"lazy\" width=\"553\" height=\"553\" src=\"http:\/\/dgospel.com.br\/portal\/wp-content\/uploads\/2023\/02\/00-1.jpg\" alt=\"\" class=\"wp-image-14575\" srcset=\"https:\/\/dgospel.com.br\/portal\/wp-content\/uploads\/2023\/02\/00-1.jpg 553w, https:\/\/dgospel.com.br\/portal\/wp-content\/uploads\/2023\/02\/00-1-300x300.jpg 300w, https:\/\/dgospel.com.br\/portal\/wp-content\/uploads\/2023\/02\/00-1-150x150.jpg 150w\" sizes=\"(max-width: 553px) 100vw, 553px\" \/><figcaption>\u201c<\/figcaption><\/figure>\n\n\n\n<p>\u201cPrioridades: Fora Lula\u201d, escreveu a deputada Julia Zanatta.<\/p>\n\n\n\n<p><\/p>\n\n\n\n<figure class=\"wp-block-image size-full\"><img loading=\"lazy\" width=\"565\" height=\"537\" src=\"http:\/\/dgospel.com.br\/portal\/wp-content\/uploads\/2023\/02\/000.jpg\" alt=\"\" class=\"wp-image-14576\" srcset=\"https:\/\/dgospel.com.br\/portal\/wp-content\/uploads\/2023\/02\/000.jpg 565w, https:\/\/dgospel.com.br\/portal\/wp-content\/uploads\/2023\/02\/000-300x285.jpg 300w\" sizes=\"(max-width: 565px) 100vw, 565px\" \/><\/figure>\n\n\n\n<p>Nikolas Ferreira (PL-MG) divulgou um v\u00eddeo, no qual exibe adesivos com inscri\u00e7\u00f5es \u201cPacheco, n\u00e3o\u201d e \u201cFora, Lula\u201d. \u201cVamos para cima, porque a paz n\u00e3o vai ter aqui\u201d, declarou, no v\u00eddeo. \u201cFizeram quatro anos de guerra contra a gente, agora chegou a \u00e9poca da colheita.\u201d<\/p>\n\n\n\n<h2>PL, o partido do Fora, Lula<\/h2>\n\n\n\n<p>Na elei\u00e7\u00e3o de 2022, o PL elegeu 99 deputados, a maior bancada da C\u00e2mara \u2014 performance s\u00f3 registrada no passado pelo extinto PFL, na d\u00e9cada de 1990. No Senado, conseguiu 13 cadeiras.&nbsp;Na C\u00e2mara, juntam-se ao PL outras legendas conservadoras, como o PP (47 deputados e 7 senadores) e o Republicanos (41 e 3).<\/p>\n\n\n\n<p>Se somadas as cadeiras de partidos que hoje formam o chamado \u201ccentr\u00e3o\u201d, como o Uni\u00e3o Brasil, o PSD, siglas nanicas e parte do MDB e do PSDB, desenha-se uma massa capaz de aprovar emendas \u00e0 Constitui\u00e7\u00e3o \u2014 que exigem qu\u00f3rum qualificado (tr\u00eas quintos dos deputados, o equivalente a 308 votos) \u2014, abrir CPIs e comandar as principais comiss\u00f5es tem\u00e1ticas, como Comiss\u00e3o de Constitui\u00e7\u00e3o e Justi\u00e7a.<\/p>\n","protected":false},"excerpt":{"rendered":"<p>Deputados federais foram \u00e0 cerim\u00f4nia de posse na C\u00e2mara nesta quarta-feira, 1\u00ba, com adesivos de \u201cFora, Lula\u201d e \u201cFora, ladr\u00e3o\u201d colados nas roupas. Fotografias e v\u00eddeos de parlamentares do Partido Liberal (PL), sigla do ex-presidente&nbsp;Jair Bolsonaro, foram publicados nas redes sociais. Em uma das imagens, aparecem os deputados Eduardo Bolsonaro (SP), Julia Zanatta (SC), Gilvan [&hellip;]<\/p>\n","protected":false},"author":2,"featured_media":14577,"comment_status":"open","ping_status":"open","sticky":false,"template":"","format":"standard","meta":[],"categories":[4],"tags":[13],"_links":{"self":[{"href":"https:\/\/dgospel.com.br\/portal\/index.php\/wp-json\/wp\/v2\/posts\/14574"}],"collection":[{"href":"https:\/\/dgospel.com.br\/portal\/index.php\/wp-json\/wp\/v2\/posts"}],"about":[{"href":"https:\/\/dgospel.com.br\/portal\/index.php\/wp-json\/wp\/v2\/types\/post"}],"author":[{"embeddable":true,"href":"https:\/\/dgospel.com.br\/portal\/index.php\/wp-json\/wp\/v2\/users\/2"}],"replies":[{"embeddable":true,"href":"https:\/\/dgospel.com.br\/portal\/index.php\/wp-json\/wp\/v2\/comments?post=14574"}],"version-history":[{"count":1,"href":"https:\/\/dgospel.com.br\/portal\/index.php\/wp-json\/wp\/v2\/posts\/14574\/revisions"}],"predecessor-version":[{"id":14578,"href":"https:\/\/dgospel.com.br\/portal\/index.php\/wp-json\/wp\/v2\/posts\/14574\/revisions\/14578"}],"wp:featuredmedia":[{"embeddable":true,"href":"https:\/\/dgospel.com.br\/portal\/index.php\/wp-json\/wp\/v2\/media\/14577"}],"wp:attachment":[{"href":"https:\/\/dgospel.com.br\/portal\/index.php\/wp-json\/wp\/v2\/media?parent=14574"}],"wp:term":[{"taxonomy":"category","embeddable":true,"href":"https:\/\/dgospel.com.br\/portal\/index.php\/wp-json\/wp\/v2\/categories?post=14574"},{"taxonomy":"post_tag","embeddable":true,"href":"https:\/\/dgospel.com.br\/portal\/index.php\/wp-json\/wp\/v2\/tags?post=14574"}],"curies":[{"name":"wp","href":"https:\/\/api.w.org\/{rel}","templated":true}]}}