{"id":14579,"date":"2023-02-01T15:42:42","date_gmt":"2023-02-01T18:42:42","guid":{"rendered":"http:\/\/dgospel.com.br\/portal\/?p=14579"},"modified":"2023-02-01T15:42:44","modified_gmt":"2023-02-01T18:42:44","slug":"wanderlei-defende-conciliacao-e-parceria-com-os-deputados-eleitos","status":"publish","type":"post","link":"https:\/\/dgospel.com.br\/portal\/index.php\/2023\/02\/01\/wanderlei-defende-conciliacao-e-parceria-com-os-deputados-eleitos\/","title":{"rendered":"Wanderlei defende concilia\u00e7\u00e3o e parceria com os deputados eleitos"},"content":{"rendered":"\n<p>Concilia\u00e7\u00e3o e a\u00e7\u00e3o conjunta. Essa foi a t\u00f4nica do discurso do governador Wanderlei Barbosa (Republicanos) durante solenidade de posse dos deputados que comp\u00f5em a 10\u00aa Legislatura da Assembleia Legislativa do Estado do Tocantins (Aleto). O evento teve in\u00edcio \u00e0s 9 horas no plen\u00e1rio da Casa, encerrando-se \u00e0s 12h05.<\/p>\n\n\n\n<p>Wanderlei iniciou agradecendo a boa conviv\u00eancia com o Parlamento estadual, firmada na legislatura que se finda. \u201cN\u00e3o faremos muito se tivermos diverg\u00eancias acentuadas\u201d, ressaltou. Ele colocou-se \u00e0 disposi\u00e7\u00e3o dos deputados, a fim de que possam fazer um trabalho &#8220;marcante&#8221;.<\/p>\n\n\n\n<p>O governador fez men\u00e7\u00f5es aos pronunciamentos dos dois deputados que fizeram uso da tribuna em nome dos demais parlamentares: Professora Janad Valcari (PL) e Professor J\u00fanior Geo (PSC).<\/p>\n\n\n\n<p>Wanderlei elogiou a dedica\u00e7\u00e3o e a forma de trabalho da deputada Janad Valcari junto ao parlamento municipal. \u201c\u00c9 dessa maneira que pretendemos trabalhar\u201d, frisou.<\/p>\n\n\n\n<p>O chefe do Executivo tamb\u00e9m reconheceu a atua\u00e7\u00e3o de J\u00fanior Geo na \u00faltima legislatura. \u201cAs diverg\u00eancias ideol\u00f3gicas n\u00e3o nos ferem. Na verdade, elas nos engrandecem, porque apresentam propostas que nos ajudam a acertar. E eu quero acertar!\u201d, destacou.<\/p>\n\n\n\n<p>Emendas<\/p>\n\n\n\n<p>Sabedor da import\u00e2ncia das emendas parlamentares para os deputados, Wanderlei destacou que elas ter\u00e3o resson\u00e2ncia e prioridade em sua gest\u00e3o. \u201cEssa \u00e9 uma das ferramentas de trabalho dos deputados, e sabemos que os prefeitos aguardam, ansiosos, a libera\u00e7\u00e3o delas; portanto, faremos o pagamento dentro da lei\u201d, afirmou.<\/p>\n","protected":false},"excerpt":{"rendered":"<p>Concilia\u00e7\u00e3o e a\u00e7\u00e3o conjunta. Essa foi a t\u00f4nica do discurso do governador Wanderlei Barbosa (Republicanos) durante solenidade de posse dos deputados que comp\u00f5em a 10\u00aa Legislatura da Assembleia Legislativa do Estado do Tocantins (Aleto). O evento teve in\u00edcio \u00e0s 9 horas no plen\u00e1rio da Casa, encerrando-se \u00e0s 12h05. Wanderlei iniciou agradecendo a boa conviv\u00eancia com [&hellip;]<\/p>\n","protected":false},"author":2,"featured_media":14580,"comment_status":"open","ping_status":"open","sticky":false,"template":"","format":"standard","meta":[],"categories":[3],"tags":[13],"_links":{"self":[{"href":"https:\/\/dgospel.com.br\/portal\/index.php\/wp-json\/wp\/v2\/posts\/14579"}],"collection":[{"href":"https:\/\/dgospel.com.br\/portal\/index.php\/wp-json\/wp\/v2\/posts"}],"about":[{"href":"https:\/\/dgospel.com.br\/portal\/index.php\/wp-json\/wp\/v2\/types\/post"}],"author":[{"embeddable":true,"href":"https:\/\/dgospel.com.br\/portal\/index.php\/wp-json\/wp\/v2\/users\/2"}],"replies":[{"embeddable":true,"href":"https:\/\/dgospel.com.br\/portal\/index.php\/wp-json\/wp\/v2\/comments?post=14579"}],"version-history":[{"count":1,"href":"https:\/\/dgospel.com.br\/portal\/index.php\/wp-json\/wp\/v2\/posts\/14579\/revisions"}],"predecessor-version":[{"id":14581,"href":"https:\/\/dgospel.com.br\/portal\/index.php\/wp-json\/wp\/v2\/posts\/14579\/revisions\/14581"}],"wp:featuredmedia":[{"embeddable":true,"href":"https:\/\/dgospel.com.br\/portal\/index.php\/wp-json\/wp\/v2\/media\/14580"}],"wp:attachment":[{"href":"https:\/\/dgospel.com.br\/portal\/index.php\/wp-json\/wp\/v2\/media?parent=14579"}],"wp:term":[{"taxonomy":"category","embeddable":true,"href":"https:\/\/dgospel.com.br\/portal\/index.php\/wp-json\/wp\/v2\/categories?post=14579"},{"taxonomy":"post_tag","embeddable":true,"href":"https:\/\/dgospel.com.br\/portal\/index.php\/wp-json\/wp\/v2\/tags?post=14579"}],"curies":[{"name":"wp","href":"https:\/\/api.w.org\/{rel}","templated":true}]}}