{"id":14596,"date":"2023-02-03T09:43:03","date_gmt":"2023-02-03T12:43:03","guid":{"rendered":"http:\/\/dgospel.com.br\/portal\/?p=14596"},"modified":"2023-02-03T09:43:04","modified_gmt":"2023-02-03T12:43:04","slug":"gipao-toma-posse-para-seu-primeiro-mandato-como-deputado-estadual-e-promete-muito-trabalho","status":"publish","type":"post","link":"https:\/\/dgospel.com.br\/portal\/index.php\/2023\/02\/03\/gipao-toma-posse-para-seu-primeiro-mandato-como-deputado-estadual-e-promete-muito-trabalho\/","title":{"rendered":"Gip\u00e3o toma posse para seu primeiro mandato como deputado estadual  e promete muito trabalho"},"content":{"rendered":"\n<p>O ex-vereador de Aragua\u00edna, por cinco mandatos consecutivos, Aldair Costa Sousa (Gip\u00e3o), tomou posse nesta quarta-feira (01), para o seu primeiro mandato de deputado estadual. A solenidade aconteceu \u00e0s 9h no plen\u00e1rio da Assembleia Legislativa do Tocantins (ALETO).<\/p>\n\n\n\n<p>Gip\u00e3o foi prestigiado pelo filho vereador mais votado de Aragua\u00edna, Matheus Mariano, juntamente com os demais familiares, pelos amigos, apoiadores e l\u00edderes evang\u00e9licos, que abra\u00e7aram o projeto pol\u00edtico e contribu\u00edram para a sua vit\u00f3ria.<\/p>\n\n\n\n<p>\u201cA verdade \u00e9 que n\u00e3o se chega a lugar algum sozinho. Portanto, minha gratid\u00e3o a Deus, que renovou minhas for\u00e7as e esperan\u00e7a, para chegar at\u00e9 aqui. Agrade\u00e7o aos eleitores, que me confiaram o mandato; minha fam\u00edlia, que sempre me apoiou neste e em todos os desafios dessa longa caminhada. Estar na Assembleia Legislativa, hoje, representado a popula\u00e7\u00e3o do meu Tocantins \u00e9 um momento \u00fanico\u201d, declarou o deputado.<\/p>\n\n\n\n<p>Na oportunidade o parlamentar disse estar esperan\u00e7oso para iniciar os trabalhos e espera contribuir com todo o estado.<\/p>\n\n\n\n<p>\u201cMe sinto extremamente honrado por mais essa miss\u00e3o. Tenho minhas ra\u00edzes nesta terra e meu compromisso \u00e9 por melhor qualidade de vida e prosperidade para o povo tocantinense. Quero ser a voz do Tocantins como um todo, na tribuna da casa, e meu gabinete est\u00e1 aberto aos tocantinenses dos mais variados munic\u00edpios\u201d, afirmou Gip\u00e3o.<\/p>\n\n\n\n<p>O deputado mais votado, Leo Barbosa (Republicanos), foi quem presidiu a solenidade.<\/p>\n\n\n\n<p>Estiveram presentes o governador do estado, Wanderlei Barbosa; a prefeita de Palmas, Cinthia Ribeiro (PSDB); al\u00e9m dos presidentes do TJ, TCE, Defensoria P\u00fablica, Minist\u00e9rio P\u00fablico Estadual e OAB, entre outras autoridades.<\/p>\n\n\n\n<p><strong>Representatividade<\/strong><\/p>\n\n\n\n<p>Um dos pontos fortes do trabalho de Aldair \u00e9 sua identifica\u00e7\u00e3o com a comunidade evang\u00e9lica. Al\u00e9m de ser membro da Assembleia de Deus Ciadseta, ele foi um dos candidatos oficiais do minist\u00e9rio e obteve a maior parte dos apoios entre lideran\u00e7as e pastores nas diversas cidades em que a igreja est\u00e1 presente. O presidente da institui\u00e7\u00e3o, pastor Paulo Martins Neto, disse confiar no trabalho de Gip\u00e3o na ALETO.<\/p>\n\n\n\n<p>\u201cA elei\u00e7\u00e3o do deputado Gip\u00e3o \u00e9 uma conquista do povo evang\u00e9lico do estado do Tocantins e \u00e9 tamb\u00e9m a certeza de que n\u00f3s teremos um parlamentar extremamente comprometido com a causa crist\u00e3, que, apesar de ser o seu primeiro mandato, vem com uma bagagem, uma experi\u00eancia que d\u00e1 para a gente uma tranquilidade e a certeza de que n\u00f3s teremos um grande representante, um deputado combativo, inteligente, que vai nos representar com excel\u00eancia. A gente est\u00e1 confiando de que Deus direcionar\u00e1 todo o seu mandato na Assembleia Legislativa\u201d, destacou o l\u00edder da Conven\u00e7\u00e3o Ciadseta.&nbsp;&nbsp;&nbsp;<\/p>\n\n\n\n<p><strong>Trajet\u00f3ria<\/strong><\/p>\n\n\n\n<p>Natural do munic\u00edpio de Carmol\u00e2ndia, Gip\u00e3o ingressou na pol\u00edtica em 1999. \u00c9 graduado em Administra\u00e7\u00e3o, foi vereador por cinco mandatos em Aragua\u00edna. Foi presidente da C\u00e2mara Municipal nos anos de 2005-2006 e 2019-2020 e secret\u00e1rio municipal em duas pastas: Secretaria de A\u00e7\u00e3o Social e de Ci\u00eancia e Tecnologia.<\/p>\n\n\n\n<p>Na \u00faltima elei\u00e7\u00e3o municipal, Gip\u00e3o lan\u00e7ou o filho Matheus Mariano que foi eleito o vereador mais votado do pleito, mostrando a for\u00e7a de seu legado pol\u00edtico.<\/p>\n","protected":false},"excerpt":{"rendered":"<p>O ex-vereador de Aragua\u00edna, por cinco mandatos consecutivos, Aldair Costa Sousa (Gip\u00e3o), tomou posse nesta quarta-feira (01), para o seu primeiro mandato de deputado estadual. A solenidade aconteceu \u00e0s 9h no plen\u00e1rio da Assembleia Legislativa do Tocantins (ALETO). Gip\u00e3o foi prestigiado pelo filho vereador mais votado de Aragua\u00edna, Matheus Mariano, juntamente com os demais familiares, [&hellip;]<\/p>\n","protected":false},"author":2,"featured_media":14597,"comment_status":"open","ping_status":"open","sticky":false,"template":"","format":"standard","meta":[],"categories":[8],"tags":[13],"_links":{"self":[{"href":"https:\/\/dgospel.com.br\/portal\/index.php\/wp-json\/wp\/v2\/posts\/14596"}],"collection":[{"href":"https:\/\/dgospel.com.br\/portal\/index.php\/wp-json\/wp\/v2\/posts"}],"about":[{"href":"https:\/\/dgospel.com.br\/portal\/index.php\/wp-json\/wp\/v2\/types\/post"}],"author":[{"embeddable":true,"href":"https:\/\/dgospel.com.br\/portal\/index.php\/wp-json\/wp\/v2\/users\/2"}],"replies":[{"embeddable":true,"href":"https:\/\/dgospel.com.br\/portal\/index.php\/wp-json\/wp\/v2\/comments?post=14596"}],"version-history":[{"count":1,"href":"https:\/\/dgospel.com.br\/portal\/index.php\/wp-json\/wp\/v2\/posts\/14596\/revisions"}],"predecessor-version":[{"id":14598,"href":"https:\/\/dgospel.com.br\/portal\/index.php\/wp-json\/wp\/v2\/posts\/14596\/revisions\/14598"}],"wp:featuredmedia":[{"embeddable":true,"href":"https:\/\/dgospel.com.br\/portal\/index.php\/wp-json\/wp\/v2\/media\/14597"}],"wp:attachment":[{"href":"https:\/\/dgospel.com.br\/portal\/index.php\/wp-json\/wp\/v2\/media?parent=14596"}],"wp:term":[{"taxonomy":"category","embeddable":true,"href":"https:\/\/dgospel.com.br\/portal\/index.php\/wp-json\/wp\/v2\/categories?post=14596"},{"taxonomy":"post_tag","embeddable":true,"href":"https:\/\/dgospel.com.br\/portal\/index.php\/wp-json\/wp\/v2\/tags?post=14596"}],"curies":[{"name":"wp","href":"https:\/\/api.w.org\/{rel}","templated":true}]}}