{"id":14599,"date":"2023-02-03T09:53:01","date_gmt":"2023-02-03T12:53:01","guid":{"rendered":"http:\/\/dgospel.com.br\/portal\/?p=14599"},"modified":"2023-02-03T09:53:02","modified_gmt":"2023-02-03T12:53:02","slug":"do-val-diz-que-moraes-o-orientou-para-conversa-com-bolsonaro","status":"publish","type":"post","link":"https:\/\/dgospel.com.br\/portal\/index.php\/2023\/02\/03\/do-val-diz-que-moraes-o-orientou-para-conversa-com-bolsonaro\/","title":{"rendered":"Do Val diz que Moraes o orientou para conversa com Bolsonaro"},"content":{"rendered":"\n<p>A vers\u00e3o do senador Marcos do Val (Podemos-ES) sobre o suposto plano golpista encabe\u00e7ado pelo ex-presidente Jair Bolsonaro envolve o ministro do Supremo Tribunal Federal (STF) Alexandre de Moraes. O senador capixaba afirma que consultou Moraes previamente sobre se deveria conversar com Bolsonaro e disse ter sido incentivado pelo ministro.<\/p>\n\n\n\n<p>\u2013 \u201cVai porque informa\u00e7\u00f5es s\u00e3o importantes\u201d. E assim eu fui \u2013 relatou em entrevista coletiva nesta quinta-feira (2).<\/p>\n\n\n\n<p>Como o ministro \u00e9 o relator do inqu\u00e9rito que investiga os protestos do dia 8 de janeiro, se comprovada, a conversa poderia indicar que Moraes orientou a busca de provas contra o presidente e refor\u00e7ar a tese dos aliados de Bolsonaro de que o ministro o persegue.<\/p>\n\n\n\n<p>Assim como ocorreu na Lava Jato, isso poderia dar margem para a nulidade do processo.<\/p>\n\n\n\n<p>O senador n\u00e3o apresentou nenhuma prova de sua declara\u00e7\u00e3o. A assessoria do Supremo disse que o ministro n\u00e3o iria comentar o assunto.<\/p>\n\n\n\n<p>Em conversas reservadas, Moraes afirmou que n\u00e3o teria sentido ele orientar um aliado do ex-presidente a falar com Bolsonaro<\/p>\n\n\n\n<p>A vers\u00e3o de Moraes dada \u00e0 interlocutores \u00e9 que ele recebeu o Marcos do Val no Sal\u00e3o Branco do Supremo, uma \u00e1rea reservada aos ministros atr\u00e1s do plen\u00e1rio, e que ouviu um relato de um plano para grampe\u00e1-lo. O pedido para que o senador gravasse o ministro ilegalmente teria partido do ex-deputado Daniel Silveira.<\/p>\n\n\n\n<p>\u2013 Na quinta-feira, antes de ir \u00e0 reuni\u00e3o com ele [Bolsonaro], eu fui ao STF, conversei com ministro Alexandre de Moraes, porque o processo todo referente ao Daniel [Silveira] \u00e9 com ele, e perguntei: \u201cMinistro, o senhor acha que eu devo ir ou n\u00e3o devo ir?\u201d. A\u00ed o ministro disse: \u201cVai porque informa\u00e7\u00f5es s\u00e3o importantes\u201d. E assim eu fui \u2013 relatou do Val.<\/p>\n\n\n\n<p>Depois do efetivo encontro com Bolsonaro e Silveira, o senador escreveu ao ministro novamente por WhatsApp e agendou um segundo encontro pessoal, na tarde de 13 de dezembro, no STF. O objetivo era, segundo Do Val, relatar toda a conversa a Moraes sobre o plano bolsonarista.<\/p>\n\n\n\n<p>\u2013 Ele ficou impressionado \u2013 contou.<\/p>\n\n\n\n<p>O senador tamb\u00e9m confirmou que ele e Moraes se conhecem de longa data, da \u00e9poca em que prestou treinamentos a policiais em S\u00e3o Paulo. O ministro do STF era ent\u00e3o secret\u00e1rio de Seguran\u00e7a P\u00fablica no governo Geraldo Alckmin (2015-2016). Segundo o parlamentar, eles n\u00e3o t\u00eam intimidade, mas sempre mantiveram contato por causa do v\u00ednculo profissional.<\/p>\n\n\n\n<p>Para o senador, o acesso ao ministro teria sido o motivo de Bolsonaro e Silveira lhe procurarem com a proposta.<\/p>\n\n\n\n<p>Questionado pelo Estad\u00e3o se estava afirmando que o ministro lhe dera orienta\u00e7\u00f5es e eximindo Bolsonaro, Do Val negou\/ Ele tamb\u00e9m disse que tem experi\u00eancia na \u00e1rea de intelig\u00eancia e que acreditava que poderia ter sido gravado por Silveira ou pelo Gabinete de Seguran\u00e7a Institucional de Bolsonaro.<\/p>\n\n\n\n<p>\u2013 S\u00f3 fiz o que tinha que fazer como senador da Rep\u00fablica. Essa foi a melhor atitude, a mais segura \u2013 apontou.<\/p>\n\n\n\n<p>*AE<\/p>\n","protected":false},"excerpt":{"rendered":"<p>A vers\u00e3o do senador Marcos do Val (Podemos-ES) sobre o suposto plano golpista encabe\u00e7ado pelo ex-presidente Jair Bolsonaro envolve o ministro do Supremo Tribunal Federal (STF) Alexandre de Moraes. O senador capixaba afirma que consultou Moraes previamente sobre se deveria conversar com Bolsonaro e disse ter sido incentivado pelo ministro. \u2013 \u201cVai porque informa\u00e7\u00f5es s\u00e3o [&hellip;]<\/p>\n","protected":false},"author":2,"featured_media":14600,"comment_status":"open","ping_status":"open","sticky":false,"template":"","format":"standard","meta":[],"categories":[10],"tags":[],"_links":{"self":[{"href":"https:\/\/dgospel.com.br\/portal\/index.php\/wp-json\/wp\/v2\/posts\/14599"}],"collection":[{"href":"https:\/\/dgospel.com.br\/portal\/index.php\/wp-json\/wp\/v2\/posts"}],"about":[{"href":"https:\/\/dgospel.com.br\/portal\/index.php\/wp-json\/wp\/v2\/types\/post"}],"author":[{"embeddable":true,"href":"https:\/\/dgospel.com.br\/portal\/index.php\/wp-json\/wp\/v2\/users\/2"}],"replies":[{"embeddable":true,"href":"https:\/\/dgospel.com.br\/portal\/index.php\/wp-json\/wp\/v2\/comments?post=14599"}],"version-history":[{"count":1,"href":"https:\/\/dgospel.com.br\/portal\/index.php\/wp-json\/wp\/v2\/posts\/14599\/revisions"}],"predecessor-version":[{"id":14601,"href":"https:\/\/dgospel.com.br\/portal\/index.php\/wp-json\/wp\/v2\/posts\/14599\/revisions\/14601"}],"wp:featuredmedia":[{"embeddable":true,"href":"https:\/\/dgospel.com.br\/portal\/index.php\/wp-json\/wp\/v2\/media\/14600"}],"wp:attachment":[{"href":"https:\/\/dgospel.com.br\/portal\/index.php\/wp-json\/wp\/v2\/media?parent=14599"}],"wp:term":[{"taxonomy":"category","embeddable":true,"href":"https:\/\/dgospel.com.br\/portal\/index.php\/wp-json\/wp\/v2\/categories?post=14599"},{"taxonomy":"post_tag","embeddable":true,"href":"https:\/\/dgospel.com.br\/portal\/index.php\/wp-json\/wp\/v2\/tags?post=14599"}],"curies":[{"name":"wp","href":"https:\/\/api.w.org\/{rel}","templated":true}]}}