{"id":14602,"date":"2023-02-03T11:53:13","date_gmt":"2023-02-03T14:53:13","guid":{"rendered":"http:\/\/dgospel.com.br\/portal\/?p=14602"},"modified":"2023-02-03T11:53:14","modified_gmt":"2023-02-03T14:53:14","slug":"wanderlei-barbosa-recebe-lideres-religiosos-para-tratar-de-acoes-sociais-e-manifestacoes-culturais-nos-municipios","status":"publish","type":"post","link":"https:\/\/dgospel.com.br\/portal\/index.php\/2023\/02\/03\/wanderlei-barbosa-recebe-lideres-religiosos-para-tratar-de-acoes-sociais-e-manifestacoes-culturais-nos-municipios\/","title":{"rendered":"Wanderlei Barbosa recebe l\u00edderes religiosos para tratar de a\u00e7\u00f5es sociais e manifesta\u00e7\u00f5es culturais nos munic\u00edpios"},"content":{"rendered":"\n<p>L\u00edderes da Igreja Cat\u00f3lica no Tocantins apresentaram nesta quinta-feira, 2, ao governador Wanderlei Barbosa, obras e projetos sociais e culturais realizados pelo segmento religioso em benef\u00edcio \u00e0 popula\u00e7\u00e3o do Estado. A a\u00e7\u00e3o social Jesus de Nazar\u00e9, obras realizadas pela Pastoral da Crian\u00e7a, o funcionamento de duas escolas agr\u00edcolas, a encena\u00e7\u00e3o da Paix\u00e3o de Cristo e a celebra\u00e7\u00e3o da Romaria do Bonfim estiveram entre os temas tratados.<\/p>\n\n\n\n<p>O Arcebispo de Palmas, Dom Pedro de Brito Guimar\u00e3es, aproveitou o encontro para apresentar ao Governador, l\u00edderes religiosos rec\u00e9m nomeados para as dioceses no Tocantins e para refor\u00e7ar a import\u00e2ncia da parceria com o Governo do Estado.<\/p>\n\n\n\n<p>Na ocasi\u00e3o, o governador Wanderlei Barbosa consignou o apoio institucional \u00e0 tradicional celebra\u00e7\u00e3o da Romaria do Bonfim. \u201cA festa do Bonfim integra o calend\u00e1rio religioso e do patrim\u00f4nio cultural do Tocantins. O Governo do Tocantins est\u00e1 presente com apoio log\u00edstico e operacional na seguran\u00e7a e j\u00e1 vamos estabelecer uma agenda de prepara\u00e7\u00e3o para o Bonfim junto aos l\u00edderes religiosos\u201d, ressaltou.<\/p>\n\n\n\n<p>Em 2022, o Governo do Tocantins destinou ao munic\u00edpio de Natividade R$ 600 mil em recursos para a realiza\u00e7\u00e3o da Festa do Bonfim e disponibilizou 250 servidores da Seguran\u00e7a P\u00fablica para a\u00e7\u00f5es de apoio log\u00edstico e operacional. A Festa do Senhor do Bonfim \u00e9 a mais antiga celebra\u00e7\u00e3o religiosa do Tocantins, que acontece na regi\u00e3o de Natividade h\u00e1 quase 300 anos e atrai cerca de milhares de peregrinos no per\u00edodo de festa.<\/p>\n\n\n\n<p>Participaram da visita ao Governador, o Bispo de Porto Nacional, Jos\u00e9 Moreira da Silva; o Bispo de Aragua\u00edna e Administrador Apost\u00f3lico de Tocantin\u00f3polis, Giovane Pereira de Melo; o Bispo de Cristal\u00e2ndia, Wellington Queiroz; o Bispo de Miracema, Philip Dickmans; e o respons\u00e1vel pela a\u00e7\u00e3o social Jesus de Nazar\u00e9 no Tocantins, Jocel Santiago.<\/p>\n\n\n\n<p><img src=\"https:\/\/central.to.gov.br\/image\/317515?w=670&amp;h=383\"><\/p>\n\n\n\n<p>Durante o encontro, o governador Wanderlei Barbosa consignou o apoio institucional \u00e0 tradicional celebra\u00e7\u00e3o da Romaria do Bonfim &#8211; Elisangela Silva\/Governo do Tocantins<\/p>\n","protected":false},"excerpt":{"rendered":"<p>L\u00edderes da Igreja Cat\u00f3lica no Tocantins apresentaram nesta quinta-feira, 2, ao governador Wanderlei Barbosa, obras e projetos sociais e culturais realizados pelo segmento religioso em benef\u00edcio \u00e0 popula\u00e7\u00e3o do Estado. A a\u00e7\u00e3o social Jesus de Nazar\u00e9, obras realizadas pela Pastoral da Crian\u00e7a, o funcionamento de duas escolas agr\u00edcolas, a encena\u00e7\u00e3o da Paix\u00e3o de Cristo e [&hellip;]<\/p>\n","protected":false},"author":2,"featured_media":14603,"comment_status":"open","ping_status":"open","sticky":false,"template":"","format":"standard","meta":[],"categories":[3],"tags":[13],"_links":{"self":[{"href":"https:\/\/dgospel.com.br\/portal\/index.php\/wp-json\/wp\/v2\/posts\/14602"}],"collection":[{"href":"https:\/\/dgospel.com.br\/portal\/index.php\/wp-json\/wp\/v2\/posts"}],"about":[{"href":"https:\/\/dgospel.com.br\/portal\/index.php\/wp-json\/wp\/v2\/types\/post"}],"author":[{"embeddable":true,"href":"https:\/\/dgospel.com.br\/portal\/index.php\/wp-json\/wp\/v2\/users\/2"}],"replies":[{"embeddable":true,"href":"https:\/\/dgospel.com.br\/portal\/index.php\/wp-json\/wp\/v2\/comments?post=14602"}],"version-history":[{"count":1,"href":"https:\/\/dgospel.com.br\/portal\/index.php\/wp-json\/wp\/v2\/posts\/14602\/revisions"}],"predecessor-version":[{"id":14604,"href":"https:\/\/dgospel.com.br\/portal\/index.php\/wp-json\/wp\/v2\/posts\/14602\/revisions\/14604"}],"wp:featuredmedia":[{"embeddable":true,"href":"https:\/\/dgospel.com.br\/portal\/index.php\/wp-json\/wp\/v2\/media\/14603"}],"wp:attachment":[{"href":"https:\/\/dgospel.com.br\/portal\/index.php\/wp-json\/wp\/v2\/media?parent=14602"}],"wp:term":[{"taxonomy":"category","embeddable":true,"href":"https:\/\/dgospel.com.br\/portal\/index.php\/wp-json\/wp\/v2\/categories?post=14602"},{"taxonomy":"post_tag","embeddable":true,"href":"https:\/\/dgospel.com.br\/portal\/index.php\/wp-json\/wp\/v2\/tags?post=14602"}],"curies":[{"name":"wp","href":"https:\/\/api.w.org\/{rel}","templated":true}]}}