{"id":14605,"date":"2023-02-03T11:56:55","date_gmt":"2023-02-03T14:56:55","guid":{"rendered":"http:\/\/dgospel.com.br\/portal\/?p=14605"},"modified":"2023-02-03T11:56:56","modified_gmt":"2023-02-03T14:56:56","slug":"cheguei-constitucionalmente-ao-poder-afirma-michel-temer","status":"publish","type":"post","link":"https:\/\/dgospel.com.br\/portal\/index.php\/2023\/02\/03\/cheguei-constitucionalmente-ao-poder-afirma-michel-temer\/","title":{"rendered":"\u201cCheguei constitucionalmente ao poder\u201d, afirma Michel Temer"},"content":{"rendered":"\n<p>Nesta sexta-feira (3), o ex-presidente Michel Temer defendeu medidas que, segundo ele, afastariam a instabilidade pol\u00edtica do Brasil. Ele declarou que, nos \u00faltimos anos, \u201cimpedimento virou moda\u201d no pa\u00eds.<\/p>\n\n\n\n<p>O emedebista afirmou ainda que o sistema pol\u00edtico brasileiro \u00e9 de uma \u201cinstabilidade extraordin\u00e1ria\u201d e relembrou o processo de impeachment de Dilma Rousseff (PT), que o levou a chefiar o Planalto em 2016.<\/p>\n\n\n\n<p>\u2013 Cheguei constitucionalmente ao poder. (\u2026) Mas [impeachment] \u00e9 um trauma institucional, n\u00f3s precisamos acabar com os traumas institucionais \u2013 comentou.<\/p>\n\n\n\n<p>O ex-presidente defendeu a ado\u00e7\u00e3o do semipresidencialismo no Brasil. A migra\u00e7\u00e3o para esse sistema pol\u00edtico \u00e9 recorrente em seus discursos e tem adeptos tamb\u00e9m no Supremo Tribunal Federal. A ideia \u00e9 reduzir o n\u00famero de partidos pol\u00edticos no Congresso e se aproximar do parlamentarismo de alguns pa\u00edses europeus.<\/p>\n\n\n\n<p>Segundo o ex-presidente, o semipresidencialismo \u00e9 garantia de \u201ctranquilidade absoluta\u201d para os pa\u00edses que o adotam. Fazendo um paralelo com a Revolu\u00e7\u00e3o dos Cravos, de Portugal, o emedebista afirmou que no Brasil se distribuem \u201cespinhos\u201d e que \u00e9 necess\u00e1ria uma \u201cRevolu\u00e7\u00e3o das Rosas\u201d.<\/p>\n\n\n\n<p>\u2013 Precisamos olhar para a frente e distribuir flores.<\/p>\n\n\n\n<p>Recentemente, o presidente Luiz In\u00e1cio Lula da Silva afirmou que Temer promoveu um \u201cgolpe\u201d ao assumir o lugar de Dilma no Planalto. Em resposta p\u00fablica, o ex-presidente afirmou que Lula mant\u00e9m os p\u00e9s no palanque. Nesta sexta, a jornalistas, o emedebista afirmou que hesitava em responder \u00e0 narrativa petista de \u201cgolpe\u201d, mas que o fez porque, desta vez, Lula o chamou de golpista na Argentina, onde Temer \u00e9 conhecido.<\/p>\n\n\n\n<p>Temer participa do Brazil Conference Lisboa, promovido pelo Grupo de L\u00edderes Empresariais. Os ministros do STF Gilmar Mendes e Ricardo Lewandowski tamb\u00e9m est\u00e3o presentes, al\u00e9m do ministro-chefe do TCU, Bruno Dantas. O ministro Alexandre de Moraes tamb\u00e9m participaria do encontro, mas cancelou na \u00faltima quinta-feira alegando problemas de agenda.<\/p>\n\n\n\n<p>Os ataques do 8 de janeiro \u00e0s sedes dos Tr\u00eas Poderes, em Bras\u00edlia, t\u00eam sido repudiados ao longo de todas as palestras. A sustentabilidade da democracia e a for\u00e7a das institui\u00e7\u00f5es foi destaque na fala dos ministros do STF.<\/p>\n\n\n\n<p>Em tom duro, Gilmar Mendes afirmou que as institui\u00e7\u00f5es de tornaram alvo do fanatismo pol\u00edtico, alimentado pela desinforma\u00e7\u00e3o.<\/p>\n\n\n\n<p>*AE<\/p>\n","protected":false},"excerpt":{"rendered":"<p>Nesta sexta-feira (3), o ex-presidente Michel Temer defendeu medidas que, segundo ele, afastariam a instabilidade pol\u00edtica do Brasil. Ele declarou que, nos \u00faltimos anos, \u201cimpedimento virou moda\u201d no pa\u00eds. O emedebista afirmou ainda que o sistema pol\u00edtico brasileiro \u00e9 de uma \u201cinstabilidade extraordin\u00e1ria\u201d e relembrou o processo de impeachment de Dilma Rousseff (PT), que o [&hellip;]<\/p>\n","protected":false},"author":2,"featured_media":14606,"comment_status":"open","ping_status":"open","sticky":false,"template":"","format":"standard","meta":[],"categories":[4],"tags":[],"_links":{"self":[{"href":"https:\/\/dgospel.com.br\/portal\/index.php\/wp-json\/wp\/v2\/posts\/14605"}],"collection":[{"href":"https:\/\/dgospel.com.br\/portal\/index.php\/wp-json\/wp\/v2\/posts"}],"about":[{"href":"https:\/\/dgospel.com.br\/portal\/index.php\/wp-json\/wp\/v2\/types\/post"}],"author":[{"embeddable":true,"href":"https:\/\/dgospel.com.br\/portal\/index.php\/wp-json\/wp\/v2\/users\/2"}],"replies":[{"embeddable":true,"href":"https:\/\/dgospel.com.br\/portal\/index.php\/wp-json\/wp\/v2\/comments?post=14605"}],"version-history":[{"count":1,"href":"https:\/\/dgospel.com.br\/portal\/index.php\/wp-json\/wp\/v2\/posts\/14605\/revisions"}],"predecessor-version":[{"id":14607,"href":"https:\/\/dgospel.com.br\/portal\/index.php\/wp-json\/wp\/v2\/posts\/14605\/revisions\/14607"}],"wp:featuredmedia":[{"embeddable":true,"href":"https:\/\/dgospel.com.br\/portal\/index.php\/wp-json\/wp\/v2\/media\/14606"}],"wp:attachment":[{"href":"https:\/\/dgospel.com.br\/portal\/index.php\/wp-json\/wp\/v2\/media?parent=14605"}],"wp:term":[{"taxonomy":"category","embeddable":true,"href":"https:\/\/dgospel.com.br\/portal\/index.php\/wp-json\/wp\/v2\/categories?post=14605"},{"taxonomy":"post_tag","embeddable":true,"href":"https:\/\/dgospel.com.br\/portal\/index.php\/wp-json\/wp\/v2\/tags?post=14605"}],"curies":[{"name":"wp","href":"https:\/\/api.w.org\/{rel}","templated":true}]}}