{"id":14620,"date":"2023-02-06T12:21:58","date_gmt":"2023-02-06T15:21:58","guid":{"rendered":"http:\/\/dgospel.com.br\/portal\/?p=14620"},"modified":"2023-02-06T12:21:58","modified_gmt":"2023-02-06T15:21:58","slug":"em-nome-da-democracia-padre-critico-de-ortega-e-condenado-a-10-anos-de-prisao-por-fake-news","status":"publish","type":"post","link":"https:\/\/dgospel.com.br\/portal\/index.php\/2023\/02\/06\/em-nome-da-democracia-padre-critico-de-ortega-e-condenado-a-10-anos-de-prisao-por-fake-news\/","title":{"rendered":"Em nome da democracia: Padre cr\u00edtico de Ortega \u00e9 condenado a 10 anos de pris\u00e3o por fake news"},"content":{"rendered":"\n<p>O padre nicaraguense \u00d3scar Danilo Benavidez D\u00e1vila, cr\u00edtico do regime de Daniel Ortega, foi condenado a 10 anos de pris\u00e3o pelo crime de forma\u00e7\u00e3o de quadrilha e divulga\u00e7\u00e3o de not\u00edcias falsas em detrimento do Estado da Nicar\u00e1gua e da sociedade, informou no s\u00e1bado (4) o portal digital Despacho 505 .<\/p>\n\n\n\n<p><strong>A persegui\u00e7\u00e3o aos crist\u00e3os tem aumentado de forma assustadora. O ditador Ortega persegue seus cr\u00edticos, os crist\u00e3os e a direita, e a justificativa \u00e9 a defesa da democracia.<\/strong><\/p>\n\n\n\n<p>O sacerdote, de 49 anos, detido desde 14 de agosto, foi condenado pela ju\u00edza Nancy del Carmen Aguirre Gudiel, chefe do D\u00e9cimo Ju\u00edzo Judicial Penal de Man\u00e1gua, em audi\u00eancia realizada a portas fechadas, segundo a Ordem 505, que teve acesso a a decis\u00e3o.<\/p>\n\n\n\n<p>O tribunal tamb\u00e9m imp\u00f4s uma multa de 49.917 c\u00f3rdobas (US$ 1.375) ao padre Benavidez D\u00e1vila, p\u00e1roco da par\u00f3quia Esp\u00edritu Santo, no munic\u00edpio de Mulukuku, na Regi\u00e3o Aut\u00f4noma do Caribe Norte da Nicar\u00e1gua.<\/p>\n\n\n\n<p>Segundo a senten\u00e7a, o juiz Aguirre Gudiel condenou o padre a cinco anos de pris\u00e3o pelo crime de forma\u00e7\u00e3o de quadrilha e atentado \u00e0 integridade nacional, e outros cinco pelo crime de divulga\u00e7\u00e3o de not\u00edcias falsas.<\/p>\n\n\n\n<p>O padre Benavidez D\u00e1vila foi considerado culpado no dia 16 de janeiro e durante os pedidos de troca de senten\u00e7as, o Minist\u00e9rio P\u00fablico pediu uma pena de 8 anos, cinco por crime de forma\u00e7\u00e3o de quadrilha e tr\u00eas por divulga\u00e7\u00e3o de not\u00edcias falsas.<\/p>\n\n\n\n<p>O padre \u00e9 o primeiro padre nicaraguense condenado por conspira\u00e7\u00e3o e not\u00edcias falsas.<\/p>\n\n\n\n<p>Segundo o site do Judici\u00e1rio, a senten\u00e7a contra o padre nicaraguense foi lida em 24 de janeiro, quando ele foi transferido do Sistema Penitenci\u00e1rio Nacional, em Tipitapa, munic\u00edpio vizinho a Man\u00e1gua, para o Complexo Judici\u00e1rio.<\/p>\n\n\n\n<p>A defesa t\u00e9cnica do religioso solicitou c\u00f3pias dos autos para preparar o recurso.<\/p>\n\n\n\n<p>Benavidez \u00e9 um dos dez sacerdotes acusados na Nicar\u00e1gua, incluindo o bispo Rolando Jos\u00e9 \u00c1lvarez Lagos, sequestrado por agentes da pol\u00edcia em 19 de agosto passado junto com outros quatro sacerdotes, j\u00e1 condenados, do pal\u00e1cio episcopal da diocese de Matagalpa depois de 15 anos de confinamento.<\/p>\n\n\n\n<p>\u00c1lvarez, de 56 anos e que est\u00e1 sob \u201cprote\u00e7\u00e3o familiar\u201d em Man\u00e1gua, segundo a Pol\u00edcia Nacional, ser\u00e1 julgado em 28 de mar\u00e7o.<\/p>\n\n\n\n<p>O ditador Ortega qualificou de \u201cterroristas\u201d os bispos nicaraguenses que atuaram como mediadores de um di\u00e1logo nacional com o qual se busca uma solu\u00e7\u00e3o pac\u00edfica para a crise que o pa\u00eds vive desde abril de 2018.<\/p>\n\n\n\n<p>As rela\u00e7\u00f5es entre os sandinistas e a Igreja Cat\u00f3lica na Nicar\u00e1gua foram marcadas por atritos e desconfian\u00e7as nos \u00faltimos 43 anos.<\/p>\n\n\n\n<p>A comunidade cat\u00f3lica representa 58,5% dos 6,7 milh\u00f5es de habitantes da Nicar\u00e1gua, segundo o \u00faltimo censo nacional.<\/p>\n\n\n\n<p>Cr\u00e9ditos: Gazeta Brasil.<\/p>\n","protected":false},"excerpt":{"rendered":"<p>O padre nicaraguense \u00d3scar Danilo Benavidez D\u00e1vila, cr\u00edtico do regime de Daniel Ortega, foi condenado a 10 anos de pris\u00e3o pelo crime de forma\u00e7\u00e3o de quadrilha e divulga\u00e7\u00e3o de not\u00edcias falsas em detrimento do Estado da Nicar\u00e1gua e da sociedade, informou no s\u00e1bado (4) o portal digital Despacho 505 . A persegui\u00e7\u00e3o aos crist\u00e3os tem [&hellip;]<\/p>\n","protected":false},"author":2,"featured_media":14621,"comment_status":"open","ping_status":"open","sticky":false,"template":"","format":"standard","meta":[],"categories":[16],"tags":[],"_links":{"self":[{"href":"https:\/\/dgospel.com.br\/portal\/index.php\/wp-json\/wp\/v2\/posts\/14620"}],"collection":[{"href":"https:\/\/dgospel.com.br\/portal\/index.php\/wp-json\/wp\/v2\/posts"}],"about":[{"href":"https:\/\/dgospel.com.br\/portal\/index.php\/wp-json\/wp\/v2\/types\/post"}],"author":[{"embeddable":true,"href":"https:\/\/dgospel.com.br\/portal\/index.php\/wp-json\/wp\/v2\/users\/2"}],"replies":[{"embeddable":true,"href":"https:\/\/dgospel.com.br\/portal\/index.php\/wp-json\/wp\/v2\/comments?post=14620"}],"version-history":[{"count":1,"href":"https:\/\/dgospel.com.br\/portal\/index.php\/wp-json\/wp\/v2\/posts\/14620\/revisions"}],"predecessor-version":[{"id":14622,"href":"https:\/\/dgospel.com.br\/portal\/index.php\/wp-json\/wp\/v2\/posts\/14620\/revisions\/14622"}],"wp:featuredmedia":[{"embeddable":true,"href":"https:\/\/dgospel.com.br\/portal\/index.php\/wp-json\/wp\/v2\/media\/14621"}],"wp:attachment":[{"href":"https:\/\/dgospel.com.br\/portal\/index.php\/wp-json\/wp\/v2\/media?parent=14620"}],"wp:term":[{"taxonomy":"category","embeddable":true,"href":"https:\/\/dgospel.com.br\/portal\/index.php\/wp-json\/wp\/v2\/categories?post=14620"},{"taxonomy":"post_tag","embeddable":true,"href":"https:\/\/dgospel.com.br\/portal\/index.php\/wp-json\/wp\/v2\/tags?post=14620"}],"curies":[{"name":"wp","href":"https:\/\/api.w.org\/{rel}","templated":true}]}}