{"id":14629,"date":"2023-02-08T12:02:01","date_gmt":"2023-02-08T15:02:01","guid":{"rendered":"http:\/\/dgospel.com.br\/portal\/?p=14629"},"modified":"2023-02-08T12:02:03","modified_gmt":"2023-02-08T15:02:03","slug":"a-brilhante-ideia-do-ministro-de-lula-correios-podem-virar-uber","status":"publish","type":"post","link":"https:\/\/dgospel.com.br\/portal\/index.php\/2023\/02\/08\/a-brilhante-ideia-do-ministro-de-lula-correios-podem-virar-uber\/","title":{"rendered":"A brilhante ideia do ministro de Lula: Correios podem virar Uber"},"content":{"rendered":"\n<p>O ministro do Trabalho,&nbsp;<a href=\"https:\/\/twitter.com\/luizmarinhopt?ref_src=twsrc%5Egoogle%7Ctwcamp%5Eserp%7Ctwgr%5Eauthor\" target=\"_blank\" rel=\"noreferrer noopener\"><strong>Luiz Marinho<\/strong><\/a>, disse que n\u00e3o est\u00e1 preocupado com a possibilidade de o Uber deixar o Brasil, se a regulamenta\u00e7\u00e3o de aplicativos de&nbsp;<em>delivery&nbsp;<\/em>ocorrer.<\/p>\n\n\n\n<p>\u201cPosso chamar os Correios, que s\u00e3o uma empresa de log\u00edstica, e dizer para criar um aplicativo e substituir a Uber\u201d, declarou, em entrevista ao jornal&nbsp;<em>Valor Econ\u00f4mico<\/em>, publicada nesta segunda-feira, 6. \u201cAplicativo se tem aos montes no mercado. N\u00e3o queremos regular l\u00e1 no m\u00ednimo detalhe. Ningu\u00e9m gosta de correr muito risco, especialmente os capitalistas brasileiros.\u201d<\/p>\n\n\n\n<p>Al\u00e9m do aplicativo, Marinho defendeu a necessidade de revis\u00e3o de pontos da reforma trabalhista, sem mencionar quais. No que diz respeito ao sal\u00e1rio m\u00ednimo, o ministro disse que o tema ser\u00e1 discutido com as centrais sindicais, mas refor\u00e7ou que n\u00e3o que ser\u00e1 criado nada que possa provocar \u201cdesajuste na economia\u201d.<\/p>\n\n\n\n<p>Outro ponto mencionado na entrevista foi o fim do saque-anivers\u00e1rio do Fundo de Garantia do Tempo de Servi\u00e7o. Marinho afirmou que ele n\u00e3o ir\u00e1 acabar em mar\u00e7o, mas que mudan\u00e7as poder\u00e3o ser feitas futuramente. \u201cEssa modalidade enfraqueceu o fundo\u201d, afirmou. \u201cBancos fazem propaganda disso, mas, quando o trabalhador saca, se ele \u00e9 demitido, n\u00e3o pode sacar o saldo.\u201d<\/p>\n","protected":false},"excerpt":{"rendered":"<p>O ministro do Trabalho,&nbsp;Luiz Marinho, disse que n\u00e3o est\u00e1 preocupado com a possibilidade de o Uber deixar o Brasil, se a regulamenta\u00e7\u00e3o de aplicativos de&nbsp;delivery&nbsp;ocorrer. \u201cPosso chamar os Correios, que s\u00e3o uma empresa de log\u00edstica, e dizer para criar um aplicativo e substituir a Uber\u201d, declarou, em entrevista ao jornal&nbsp;Valor Econ\u00f4mico, publicada nesta segunda-feira, 6. [&hellip;]<\/p>\n","protected":false},"author":2,"featured_media":14630,"comment_status":"open","ping_status":"open","sticky":false,"template":"","format":"standard","meta":[],"categories":[10],"tags":[13],"_links":{"self":[{"href":"https:\/\/dgospel.com.br\/portal\/index.php\/wp-json\/wp\/v2\/posts\/14629"}],"collection":[{"href":"https:\/\/dgospel.com.br\/portal\/index.php\/wp-json\/wp\/v2\/posts"}],"about":[{"href":"https:\/\/dgospel.com.br\/portal\/index.php\/wp-json\/wp\/v2\/types\/post"}],"author":[{"embeddable":true,"href":"https:\/\/dgospel.com.br\/portal\/index.php\/wp-json\/wp\/v2\/users\/2"}],"replies":[{"embeddable":true,"href":"https:\/\/dgospel.com.br\/portal\/index.php\/wp-json\/wp\/v2\/comments?post=14629"}],"version-history":[{"count":1,"href":"https:\/\/dgospel.com.br\/portal\/index.php\/wp-json\/wp\/v2\/posts\/14629\/revisions"}],"predecessor-version":[{"id":14631,"href":"https:\/\/dgospel.com.br\/portal\/index.php\/wp-json\/wp\/v2\/posts\/14629\/revisions\/14631"}],"wp:featuredmedia":[{"embeddable":true,"href":"https:\/\/dgospel.com.br\/portal\/index.php\/wp-json\/wp\/v2\/media\/14630"}],"wp:attachment":[{"href":"https:\/\/dgospel.com.br\/portal\/index.php\/wp-json\/wp\/v2\/media?parent=14629"}],"wp:term":[{"taxonomy":"category","embeddable":true,"href":"https:\/\/dgospel.com.br\/portal\/index.php\/wp-json\/wp\/v2\/categories?post=14629"},{"taxonomy":"post_tag","embeddable":true,"href":"https:\/\/dgospel.com.br\/portal\/index.php\/wp-json\/wp\/v2\/tags?post=14629"}],"curies":[{"name":"wp","href":"https:\/\/api.w.org\/{rel}","templated":true}]}}