{"id":14632,"date":"2023-02-08T12:20:08","date_gmt":"2023-02-08T15:20:08","guid":{"rendered":"http:\/\/dgospel.com.br\/portal\/?p=14632"},"modified":"2023-02-08T12:20:09","modified_gmt":"2023-02-08T15:20:09","slug":"lula-joga-contra-si-e-contra-o-pais-afirma-estadao","status":"publish","type":"post","link":"https:\/\/dgospel.com.br\/portal\/index.php\/2023\/02\/08\/lula-joga-contra-si-e-contra-o-pais-afirma-estadao\/","title":{"rendered":"Lula joga contra si e contra o pa\u00eds, afirma\u00a0Estad\u00e3o"},"content":{"rendered":"\n<p>Um editorial publicado no jornal&nbsp;<em>O Estado de S. Paulo&nbsp;<\/em>nesta quarta-feira, 8, criticou os ataques do presidente Lula \u00e0 independ\u00eancia do&nbsp;<a href=\"https:\/\/www.bcb.gov.br\/\" target=\"_blank\" rel=\"noreferrer noopener\"><strong>Banco Central (BC)<\/strong><\/a>. Segundo o texto, o petista elegeu o BC como um \u201cinimigo de seu governo\u201d. O artigo discordou ainda do teor das falas do chefe do Executivo em discursos.<\/p>\n\n\n\n<p>\u201cO BC reiterou o compromisso de cumprir as metas de infla\u00e7\u00e3o e destacou o efeito das incertezas fiscais sobre as premissas com as quais trabalha para tomar suas decis\u00f5es\u201d, observou o&nbsp;<em>Estad\u00e3o,&nbsp;<\/em>ao elogiar a postura da autoridade monet\u00e1ria. \u201cEm suma, a ata deixou ainda mais claro aquilo que o comunicado da semana passada j\u00e1 havia evidenciado: para conter a piora das expectativas de infla\u00e7\u00e3o, a Selic permanecer\u00e1 elevada por mais tempo do que o esperado.\u201d<\/p>\n\n\n\n<p>O&nbsp;<em>Estad\u00e3o&nbsp;<\/em>lembrou que o BC deu ao governo Lula o benef\u00edcio da d\u00favida quanto \u00e0 pol\u00edtica de gastos do Poder Executivo, que pode trazer preju\u00edzos. \u201cO&nbsp;BC disse que a execu\u00e7\u00e3o do pacote fiscal do governo \u2018atenuaria os est\u00edmulos fiscais sobre a demanda, reduzindo o risco de alta da infla\u00e7\u00e3o&#8217;\u201d, escreveu o jornal.<\/p>\n\n\n\n<p>Conforme o jornal, por\u00e9m, Lula n\u00e3o tem aproveitado os acenos que lhe s\u00e3o feitos. \u201cAt\u00e9 agora, tudo que o presidente fez foi jogar contra si mesmo e contra o pa\u00eds\u201d, afirmou o&nbsp;<em>Estad\u00e3o<\/em>. \u201cAo questionar a autonomia do BC e as metas de infla\u00e7\u00e3o, Lula hostiliza justamente os limites a seus devaneios populistas e desenvolvimentistas, sinalizando desprezo pela responsabilidade fiscal.\u201d<\/p>\n","protected":false},"excerpt":{"rendered":"<p>Um editorial publicado no jornal&nbsp;O Estado de S. Paulo&nbsp;nesta quarta-feira, 8, criticou os ataques do presidente Lula \u00e0 independ\u00eancia do&nbsp;Banco Central (BC). Segundo o texto, o petista elegeu o BC como um \u201cinimigo de seu governo\u201d. O artigo discordou ainda do teor das falas do chefe do Executivo em discursos. \u201cO BC reiterou o compromisso [&hellip;]<\/p>\n","protected":false},"author":2,"featured_media":14633,"comment_status":"open","ping_status":"open","sticky":false,"template":"","format":"standard","meta":[],"categories":[4],"tags":[],"_links":{"self":[{"href":"https:\/\/dgospel.com.br\/portal\/index.php\/wp-json\/wp\/v2\/posts\/14632"}],"collection":[{"href":"https:\/\/dgospel.com.br\/portal\/index.php\/wp-json\/wp\/v2\/posts"}],"about":[{"href":"https:\/\/dgospel.com.br\/portal\/index.php\/wp-json\/wp\/v2\/types\/post"}],"author":[{"embeddable":true,"href":"https:\/\/dgospel.com.br\/portal\/index.php\/wp-json\/wp\/v2\/users\/2"}],"replies":[{"embeddable":true,"href":"https:\/\/dgospel.com.br\/portal\/index.php\/wp-json\/wp\/v2\/comments?post=14632"}],"version-history":[{"count":1,"href":"https:\/\/dgospel.com.br\/portal\/index.php\/wp-json\/wp\/v2\/posts\/14632\/revisions"}],"predecessor-version":[{"id":14634,"href":"https:\/\/dgospel.com.br\/portal\/index.php\/wp-json\/wp\/v2\/posts\/14632\/revisions\/14634"}],"wp:featuredmedia":[{"embeddable":true,"href":"https:\/\/dgospel.com.br\/portal\/index.php\/wp-json\/wp\/v2\/media\/14633"}],"wp:attachment":[{"href":"https:\/\/dgospel.com.br\/portal\/index.php\/wp-json\/wp\/v2\/media?parent=14632"}],"wp:term":[{"taxonomy":"category","embeddable":true,"href":"https:\/\/dgospel.com.br\/portal\/index.php\/wp-json\/wp\/v2\/categories?post=14632"},{"taxonomy":"post_tag","embeddable":true,"href":"https:\/\/dgospel.com.br\/portal\/index.php\/wp-json\/wp\/v2\/tags?post=14632"}],"curies":[{"name":"wp","href":"https:\/\/api.w.org\/{rel}","templated":true}]}}