{"id":14635,"date":"2023-02-08T12:30:36","date_gmt":"2023-02-08T15:30:36","guid":{"rendered":"http:\/\/dgospel.com.br\/portal\/?p=14635"},"modified":"2023-02-08T13:05:24","modified_gmt":"2023-02-08T16:05:24","slug":"ditadura-governo-prepara-pacote-para-regular-midias-digitais-diz-lula","status":"publish","type":"post","link":"https:\/\/dgospel.com.br\/portal\/index.php\/2023\/02\/08\/ditadura-governo-prepara-pacote-para-regular-midias-digitais-diz-lula\/","title":{"rendered":"Censura: Governo prepara pacote para regular m\u00eddias digitais, diz Lula"},"content":{"rendered":"\n<p>O presidente Luiz In\u00e1cio Lula da Silva (PT) afirmou, nesta ter\u00e7a-feira (7), ter recebido um projeto, apresentado pelo ministro da Justi\u00e7a, Fl\u00e1vio Dino (PSB), para discutir com a sociedade a regula\u00e7\u00e3o das m\u00eddias digitais em prol do combate \u00e0s fake news.<\/p>\n\n\n\n<p>\u2013 A gente vai come\u00e7ar a discutir, esse projeto est\u00e1 na Casa Civil, a gente pretende discutir com a sociedade, abrir um debate na sociedade, para saber como a gente pro\u00edbe que as empresas de aplicativo fiquem divulgando not\u00edcias que s\u00e3o impr\u00f3prias, ou s\u00e3o mentirosas, ou s\u00e3o violentas, ou avocam as pessoas a fazerem coisas que n\u00e3o prestam. N\u00f3s temos consci\u00eancia de que os mentirosos, aquelas pessoas que pregam o mal e a mentira na internet, n\u00e3o podem ter a facilidade que t\u00eam \u2013 afirmou durante caf\u00e9 com comunicadores de esquerda.<\/p>\n\n\n\n<p>Lula disse que a discuss\u00e3o sobre regula\u00e7\u00e3o da m\u00eddia deve envolver todos os pa\u00edses do mundo, e n\u00e3o s\u00f3 uma na\u00e7\u00e3o. Ele disse ter a pretens\u00e3o de debater o tema com o presidente dos Estados Unidos, Joe Biden, com quem se reunir\u00e1 na pr\u00f3xima sexta (10), e com membros do G20 e dos Brics.<\/p>\n\n\n\n<p>\u2013 Acho que se a gente quiser discutir a regula\u00e7\u00e3o da m\u00eddia digital no mundo, n\u00e3o pode ser problema de um pa\u00eds s\u00f3. Tem que ser um problema de todos os pa\u00edses do mundo para regular uma coisa que d\u00ea tranquilidade ao regime democr\u00e1tico. Temos que ter consci\u00eancia que os mentirosos, aquelas pessoas que usam a internet para pregar o mal e a mentira, essa gente n\u00e3o pode ter a facilidade que tem \u2013 declarou.<\/p>\n\n\n\n<p><strong>MAIS M\u00c9DICOS<br><\/strong>Durante o encontro, Lula afirmou que abrir\u00e1 licita\u00e7\u00e3o para o programa Mais M\u00e9dicos ao citar a necessidade de elevar os investimentos em sa\u00fade, especialmente nos rinc\u00f5es do pa\u00eds.<\/p>\n\n\n\n<p>\u2013 Vamos ter que abrir licita\u00e7\u00e3o para Mais M\u00e9dicos. Temos que dar prefer\u00eancia para nossos m\u00e9dicos irem para l\u00e1. Mas, se n\u00e3o tiverem nossos m\u00e9dicos, a gente vai procurar m\u00e9dico de outro lugar para levar \u2013 disse, ao citar o programa que virou alvo de cr\u00edticas da oposi\u00e7\u00e3o, especialmente com a participa\u00e7\u00e3o de m\u00e9dicos cubanos.<\/p>\n\n\n\n<p>O ex-presidente Jair Bolsonaro (PL), por exemplo, dizia que o programa era usado para financiar o governo de Cuba.<\/p>\n\n\n\n<p>*AE<\/p>\n","protected":false},"excerpt":{"rendered":"<p>O presidente Luiz In\u00e1cio Lula da Silva (PT) afirmou, nesta ter\u00e7a-feira (7), ter recebido um projeto, apresentado pelo ministro da Justi\u00e7a, Fl\u00e1vio Dino (PSB), para discutir com a sociedade a regula\u00e7\u00e3o das m\u00eddias digitais em prol do combate \u00e0s fake news. \u2013 A gente vai come\u00e7ar a discutir, esse projeto est\u00e1 na Casa Civil, a [&hellip;]<\/p>\n","protected":false},"author":2,"featured_media":14636,"comment_status":"open","ping_status":"open","sticky":false,"template":"","format":"standard","meta":[],"categories":[4],"tags":[],"_links":{"self":[{"href":"https:\/\/dgospel.com.br\/portal\/index.php\/wp-json\/wp\/v2\/posts\/14635"}],"collection":[{"href":"https:\/\/dgospel.com.br\/portal\/index.php\/wp-json\/wp\/v2\/posts"}],"about":[{"href":"https:\/\/dgospel.com.br\/portal\/index.php\/wp-json\/wp\/v2\/types\/post"}],"author":[{"embeddable":true,"href":"https:\/\/dgospel.com.br\/portal\/index.php\/wp-json\/wp\/v2\/users\/2"}],"replies":[{"embeddable":true,"href":"https:\/\/dgospel.com.br\/portal\/index.php\/wp-json\/wp\/v2\/comments?post=14635"}],"version-history":[{"count":2,"href":"https:\/\/dgospel.com.br\/portal\/index.php\/wp-json\/wp\/v2\/posts\/14635\/revisions"}],"predecessor-version":[{"id":14653,"href":"https:\/\/dgospel.com.br\/portal\/index.php\/wp-json\/wp\/v2\/posts\/14635\/revisions\/14653"}],"wp:featuredmedia":[{"embeddable":true,"href":"https:\/\/dgospel.com.br\/portal\/index.php\/wp-json\/wp\/v2\/media\/14636"}],"wp:attachment":[{"href":"https:\/\/dgospel.com.br\/portal\/index.php\/wp-json\/wp\/v2\/media?parent=14635"}],"wp:term":[{"taxonomy":"category","embeddable":true,"href":"https:\/\/dgospel.com.br\/portal\/index.php\/wp-json\/wp\/v2\/categories?post=14635"},{"taxonomy":"post_tag","embeddable":true,"href":"https:\/\/dgospel.com.br\/portal\/index.php\/wp-json\/wp\/v2\/tags?post=14635"}],"curies":[{"name":"wp","href":"https:\/\/api.w.org\/{rel}","templated":true}]}}