{"id":14638,"date":"2023-02-08T12:36:33","date_gmt":"2023-02-08T15:36:33","guid":{"rendered":"http:\/\/dgospel.com.br\/portal\/?p=14638"},"modified":"2023-02-08T12:36:34","modified_gmt":"2023-02-08T15:36:34","slug":"deputado-pede-abertura-de-cpmi-sobre-os-atos-em-brasilia","status":"publish","type":"post","link":"https:\/\/dgospel.com.br\/portal\/index.php\/2023\/02\/08\/deputado-pede-abertura-de-cpmi-sobre-os-atos-em-brasilia\/","title":{"rendered":"Deputado pede abertura de CPMI sobre os atos em Bras\u00edlia"},"content":{"rendered":"\n<p>O deputado federal Andr\u00e9 Fernandes (PL-CE) disse que come\u00e7ou a coletar assinaturas para a abertura de uma Comiss\u00e3o Parlamentar Mista de Inqu\u00e9rito (CPMI) sobre os atos de 8 de janeiro, que ocorreram em Bras\u00edlia. Por meio das redes sociais, ele apontou que n\u00e3o \u00e9 justo o governo federal impor sigilo nas imagens dos protestos.<\/p>\n\n\n\n<p>Durante as manifesta\u00e7\u00f5es, houve invas\u00e3o e depreda\u00e7\u00e3o dos Tr\u00eas Poderes. Segundo Fernandes, \u00e9 preciso investigar o caso com seriedade.<\/p>\n\n\n\n<p>O parlamentar prometeu que, em breve, ir\u00e1 apresentar os nomes que constam no requerimento.<\/p>\n\n\n\n<p>\u2013 CPMI do 8 de janeiro. Come\u00e7amos hoje a coletar assinaturas de Deputados e Senadores para instaurar uma CPMI com a finalidade de investigar os atos de A\u00c7\u00c3O e OMISS\u00c3O ocorridos no \u00faltimo dia 08 de janeiro nas Sedes dos Tr\u00eas Poderes da Rep\u00fablica, em Bras\u00edlia. N\u00e3o \u00e9 justo que em um momento de tantas incertezas, o governo federal coloque sigilo nas imagens dos atos do dia 08 de janeiro. Precisamos investigar e apurar com a devida seriedade. Cobre, de forma educada, seu deputado e senador para assinar tamb\u00e9m. Link para apoio:&nbsp;<a href=\"https:\/\/infolegmovel.page.link\/cUHfv8S4Zvwj8R4v9\" target=\"_blank\" rel=\"noreferrer noopener\">https:\/\/infolegmovel.page.link\/cUHfv8S4Zvwj8R4v9<\/a>. Em breve trago uma lista com os nomes de quem j\u00e1 assinou. Essa luta n\u00e3o \u00e9 minha, mas de todos que querem a verdade reestabelecida \u2013 escreveu, no Instagram.<\/p>\n\n\n\n<figure class=\"wp-block-image\"><img src=\"https:\/\/static.cdn.pleno.news\/2023\/02\/Screenshot-2023-02-08T092731.891.png\" alt=\"\" class=\"wp-image-1087040\"\/><\/figure>\n","protected":false},"excerpt":{"rendered":"<p>O deputado federal Andr\u00e9 Fernandes (PL-CE) disse que come\u00e7ou a coletar assinaturas para a abertura de uma Comiss\u00e3o Parlamentar Mista de Inqu\u00e9rito (CPMI) sobre os atos de 8 de janeiro, que ocorreram em Bras\u00edlia. Por meio das redes sociais, ele apontou que n\u00e3o \u00e9 justo o governo federal impor sigilo nas imagens dos protestos. Durante [&hellip;]<\/p>\n","protected":false},"author":2,"featured_media":14639,"comment_status":"open","ping_status":"open","sticky":false,"template":"","format":"standard","meta":[],"categories":[8],"tags":[],"_links":{"self":[{"href":"https:\/\/dgospel.com.br\/portal\/index.php\/wp-json\/wp\/v2\/posts\/14638"}],"collection":[{"href":"https:\/\/dgospel.com.br\/portal\/index.php\/wp-json\/wp\/v2\/posts"}],"about":[{"href":"https:\/\/dgospel.com.br\/portal\/index.php\/wp-json\/wp\/v2\/types\/post"}],"author":[{"embeddable":true,"href":"https:\/\/dgospel.com.br\/portal\/index.php\/wp-json\/wp\/v2\/users\/2"}],"replies":[{"embeddable":true,"href":"https:\/\/dgospel.com.br\/portal\/index.php\/wp-json\/wp\/v2\/comments?post=14638"}],"version-history":[{"count":1,"href":"https:\/\/dgospel.com.br\/portal\/index.php\/wp-json\/wp\/v2\/posts\/14638\/revisions"}],"predecessor-version":[{"id":14640,"href":"https:\/\/dgospel.com.br\/portal\/index.php\/wp-json\/wp\/v2\/posts\/14638\/revisions\/14640"}],"wp:featuredmedia":[{"embeddable":true,"href":"https:\/\/dgospel.com.br\/portal\/index.php\/wp-json\/wp\/v2\/media\/14639"}],"wp:attachment":[{"href":"https:\/\/dgospel.com.br\/portal\/index.php\/wp-json\/wp\/v2\/media?parent=14638"}],"wp:term":[{"taxonomy":"category","embeddable":true,"href":"https:\/\/dgospel.com.br\/portal\/index.php\/wp-json\/wp\/v2\/categories?post=14638"},{"taxonomy":"post_tag","embeddable":true,"href":"https:\/\/dgospel.com.br\/portal\/index.php\/wp-json\/wp\/v2\/tags?post=14638"}],"curies":[{"name":"wp","href":"https:\/\/api.w.org\/{rel}","templated":true}]}}