{"id":1464,"date":"2018-09-27T12:05:48","date_gmt":"2018-09-27T15:05:48","guid":{"rendered":"http:\/\/dgospel.com.br\/portal\/?p=1464"},"modified":"2018-09-27T12:05:48","modified_gmt":"2018-09-27T15:05:48","slug":"na-ansia-de-atingir-bolsonaro-imprensa-surta-e-apela","status":"publish","type":"post","link":"https:\/\/dgospel.com.br\/portal\/index.php\/2018\/09\/27\/na-ansia-de-atingir-bolsonaro-imprensa-surta-e-apela\/","title":{"rendered":"Na \u00e2nsia de atingir Bolsonaro, imprensa surta e apela"},"content":{"rendered":"<p>Em toda a minha vida, nunca vi a imprensa brasileira chegar aos n\u00edveis de baixeza e p\u00e9ssimo jornalismo a que chegou nos \u00faltimos meses, em decorr\u00eancia de sua obsess\u00e3o expl\u00edcita de impedir que o candidato conservador Jair Bolsonaro tenha alguma chance de ganhar as elei\u00e7\u00f5es presidenciais deste ano. Impedir que ganhe, n\u00e3o. \u00c9 mais do que isso: ela quer destru\u00ed-lo a todo custo. \u00c9 um vale tudo insano, misto de histeria com hidrofobia; uma cena deprimente e constrangedora.<\/p>\n<p>O septuagen\u00e1rio jornalista judeu norte-americano Bernard Goldberg, autor best-seller com cinco d\u00e9cadas de profiss\u00e3o jornal\u00edstica, ganhador de 14 pr\u00eamios Emmy na \u00e1rea de jornalismo, tendo trabalhado por d\u00e9cadas na CBS, j\u00e1 dizia: \u201cEste \u00e9 um dos maiores problemas do grande jornalismo hoje: as elites est\u00e3o irremediavelmente fora de contato com as pessoas comuns. Seus amigos s\u00e3o de esquerda, assim como eles s\u00e3o. Eles compartilham os mesmos valores. Quase todos pensam da mesma forma sobre as grandes quest\u00f5es sociais do nosso tempo: o aborto, o controle de armas, o feminismo, os direitos dos homossexuais, o meio-ambiente, a ora\u00e7\u00e3o na escola. Depois de um tempo, eles come\u00e7am a acreditar que todas as pessoas civilizadas pensam da mesma maneira que eles e seus amigos. \u00c9 por isso que eles n\u00e3o apenas discordam dos conservadores. Eles os veem como moralmente deficientes\u201d. Eu acrescentaria: muitos deles os veem literalmente como inimigos, como a representa\u00e7\u00e3o do mal.<\/p>\n<p>J\u00e1 tentaram impor sem sucesso, artificialmente, sem provas, a narrativa de que Bolsonaro seria mis\u00f3gino, racista, fascista, xen\u00f3fobo, homof\u00f3bico etc. S\u00f3 ret\u00f3rica. Fatos que sustentem cabalmente essa ladainha, nenhum, raz\u00e3o pela qual, apesar de esse mantra ser repetido\u00a0<em>ad nauseam<\/em>\u00a0de manh\u00e3, de tarde, de noite, de madrugada, meses a fio, ano ap\u00f3s ano, nas tev\u00eas, jornais, revistas, r\u00e1dio e redes sociais, a maioria da popula\u00e7\u00e3o n\u00e3o aderiu e n\u00e3o adere a essa histeria. Mas, quando voc\u00ea pensa que j\u00e1 viu de tudo&#8230;<\/p>\n<p>A \u00faltima baixeza da imprensa\u00a0<em>mainstream<\/em>\u00a0brasileira se deu ontem, quando o site do jornal\u00a0<em>Folha de S\u00e3o Paulo<\/em>\u00a0publicou uma mat\u00e9ria, no final do dia, afirmando em seu t\u00edtulo o que se segue: \u201cEx-mulher afirmou ter sofrido amea\u00e7a de morte de Bolsonaro, diz Itamaraty\u201d. E o subt\u00edtulo da mat\u00e9ria asseverava: \u201cSegundo documento de 2011, Ana Cristina afirmou que viajou \u00e0 Noruega por medo do deputado; relato n\u00e3o \u00e9 real, diz ela hoje\u201d. Bem, e o que diz o tal documento, que \u00e9 um telegrama de 2011? Eis o texto: \u201cA senhora Ana Cristina Siqueira Valle disse ter deixado o Brasil h\u00e1 dois anos, em 2009, por ter sido amea\u00e7ada de morte pelo pai do menor [Bolsonaro]. Aduziu ela que tal acusa\u00e7\u00e3o poderia motivar pedido de asilo pol\u00edtico neste pa\u00eds [Noruega]\u201d.<\/p>\n<p>A\u00ed voc\u00ea vai ler a mat\u00e9ria, que conta com 21 par\u00e1grafos, e descobre \u2013 descaradamente somente no 18\u00ba, 20\u00ba e 21\u00ba par\u00e1grafos (ou seja, no \u201cap\u00eandice\u201d da mat\u00e9ria) \u2013 que:<\/p>\n<p>1) A ex-mulher de Bolsonaro nega que este tenha alguma vez na vida lhe amea\u00e7ado de morte e tamb\u00e9m que ela tenha conversado com qualquer membro da embaixada sobre qualquer assunto, confirmando apenas que certa vez a embaixada ligou para falar com o seu marido noruegu\u00eas em Oslo;<\/p>\n<p>2) O atual marido confirma que recebeu, sim, uma liga\u00e7\u00e3o da embaixada do Brasil em Oslo, como diz a sua esposa, mas declara que n\u00e3o apenas desconhece qualquer amea\u00e7a de morte contra ela por parte de Bolsonaro como em nenhum momento da conversa com a embaixada alguma suposta amea\u00e7a foi mencionada;<\/p>\n<p>3) E o embaixador do Brasil na Noruega, respons\u00e1vel por escrever o telegrama,\u00a0afirma que n\u00e3o teve contato nenhum com a ex-esposa de Bolsonaro ou com o marido dela, tendo feito o registro com base em informa\u00e7\u00f5es que lhe teriam sido passadas pelo vice-c\u00f4nsul do Brasil em Oslo, que supostamente teria falado com Ana Cristina, que por sua vez afirma que o contato foi com seu marido noruegu\u00eas, que reconhece ter recebido uma liga\u00e7\u00e3o da embaixada, mas que tal conversa n\u00e3o girou em torno de qualquer amea\u00e7a. Ademais, tal tipo de documento normalmente n\u00e3o exige que quem o produz tenha estrito compromisso com a exatid\u00e3o e a veracidade da informa\u00e7\u00e3o reportada.<\/p>\n<p>Bem, no jornalismo, a gente aprende que quando n\u00e3o d\u00e1 para confirmar a veracidade de um suposto evento, n\u00e3o apenas por (1) n\u00e3o termos provas inequ\u00edvocas dele, mas tamb\u00e9m porque (2) a pr\u00f3pria pessoa que seria v\u00edtima desse evento nega contundentemente que ele tenha ocorrido, o bom senso e a \u00e9tica jornal\u00edstica manda n\u00e3o publicar a mat\u00e9ria. Bem, na\u00a0<em>Folha de S\u00e3o Paulo<\/em>, isso j\u00e1 n\u00e3o funciona h\u00e1 muito tempo. E pior \u00e9 que esse pessoal ainda fala de\u00a0<em>fake news<\/em>!<\/p>\n<p>Curiosamente, um dos jornalistas que assina a mat\u00e9ria \u00e9 Marina Dias, filha do deputado estadual petista Jos\u00e9 Am\u00e9rico Dias, ex-secret\u00e1rio nacional de Comunica\u00e7\u00e3o do PT e ex-secret\u00e1rio de Rela\u00e7\u00f5es Governamentais do ex-prefeito e atual candidato do PT \u00e0 Presid\u00eancia, senhor Fernando Haddad, concorrente direto de Bolsonaro. N\u00e3o \u00e9 mesmo extremamente curioso?<\/p>\n<p>\u00c9 a autodestrui\u00e7\u00e3o do jornalismo tradicional pela ideologia. Fabiano Abreu, do MF Press Global, bem disse hoje sobre esse caso: \u201cTemo que, com essa falta de imparcialidade, o jornalismo brasileiro perca sua credibilidade. N\u00e3o podemos negar que essas elei\u00e7\u00f5es j\u00e1 dividiram o povo, criaram \u00f3dio de muitos por alguns ve\u00edculos de imprensa. Basta ir na rede social. Eu tamb\u00e9m tenho uma empresa de midia social e tenho todo mecanismo de pesquisa para avaliar resultados e a imprensa brasileira nunca foi t\u00e3o \u2018detonada\u2019 como est\u00e1 sendo. Eu, como jornalista, pe\u00e7o para que isso n\u00e3o prejudique n\u00f3s, jornalistas. Antes, ser jornalista era ser respeitado, ser considerado inteligente, era ter um posicionamento na sociedade, era orgulhar-se do diploma e(ou) do registro. Que n\u00e3o sejamos vistos como os pol\u00edticos s\u00e3o vistos, como sujos\u201d.<\/p>\n<p>Segue\u00a0<a href=\"https:\/\/www.youtube.com\/watch?v=qNyARqBVl2c\"><strong>AQUI\u00a0<\/strong><\/a>v\u00eddeo da ex-mulher de Bolsonaro desmentindo ainda ontem \u00e0 noite a hist\u00f3ria e segue tamb\u00e9m este outro v\u00eddeo\u00a0<a href=\"http:\/\/www.youtube.com\/watch?v=QJd8ERA1pxk\"><strong>AQUI<\/strong><\/a>\u00a0com a excelente an\u00e1lise dos jornalistas Augusto Nunes e Felipe Moura Brasil no programa\u00a0<em>Pingo nos Is<\/em>\u00a0da\u00a0<em>Jovem Pan<\/em>\u00a0ontem sobre o absurdo cometido pela\u00a0<em>Folha de S\u00e3o Paulo<\/em>.<\/p>\n<p>At\u00e9 onde vai essa obsess\u00e3o doentia? N\u00e3o h\u00e1 como dizer, pois os limites j\u00e1 foram todos atropelados. Tudo agora \u00e9 poss\u00edvel. S\u00f3 para se ter uma ideia, no dia do atentado a Bolsonaro, houve jornalista que nas redes sociais celebrou o atentado contra ele e ainda outros que lamentaram porque o candidato do PSL n\u00e3o morreu. E mais recentemente, quando um dos candidatos chamou Bolsonaro de \u201cHitler\u201d, \u201cnazista\u201d e \u201cbandido\u201d, e ainda classificou os moradores da Regi\u00e3o Sul do Brasil de \u201cnazistas\u201d, essa mesma imprensa silenciou quase que completamente, deixou para l\u00e1, sinalizando no ar uma concord\u00e2ncia t\u00e1cita. Ora, h\u00e1 algo mais sintom\u00e1tico quanto \u00e0 doen\u00e7a da alma dessas pessoas do que esse conjunto de atitudes? Mentes assim n\u00e3o t\u00eam limites. Lamentavelmente, a expectativa \u00e9 de que cenas mais pesadas ainda ser\u00e3o vistas at\u00e9 o dia 7 de outubro ou, talvez, at\u00e9 o dia 28 de outubro. Oremos por essas elei\u00e7\u00f5es. E os est\u00f4magos mais fracos que preparem seu engov.<\/p>\n<p>________________________________________________________________________________<\/p>\n<p><img loading=\"lazy\" class=\"alignnone size-full wp-image-1466\" src=\"http:\/\/dgospel.com.br\/portal\/wp-content\/uploads\/2018\/09\/colunista_pr_silas-1.png\" alt=\"\" width=\"237\" height=\"200\" \/><\/p>\n<p><strong>Silas Daniel<\/strong>\u00a0\u00e9 pastor, jornalista, chefe de Jornalismo da CPAD e escritor. Autor dos livros \u201cReflex\u00e3o sobre a alma e o tempo\u201d, \u201cHabacuque \u2013 a vit\u00f3ria da f\u00e9 em meio ao caos\u201d, \u201cHist\u00f3ria da Conven\u00e7\u00e3o Geral das Assembleias de Deus no Brasil\u201d, \u201cComo vencer a frustra\u00e7\u00e3o espiritual\u201d e \u201cA Sedu\u00e7\u00e3o das Novas Teologias\u201d, todos t\u00edtulos da CPAD, tendo este \u00faltimo conquistado o Pr\u00eamio Aret\u00e9 da Associa\u00e7\u00e3o de Editores Crist\u00e3os (Asec) como Melhor Obra de Apolog\u00e9tica Crist\u00e3 no Brasil em 2008.<\/p>\n","protected":false},"excerpt":{"rendered":"<p>Em toda a minha vida, nunca vi a imprensa brasileira chegar aos n\u00edveis de baixeza e p\u00e9ssimo jornalismo a que chegou nos \u00faltimos meses, em decorr\u00eancia de sua obsess\u00e3o expl\u00edcita de impedir que o candidato conservador Jair Bolsonaro tenha alguma chance de ganhar as elei\u00e7\u00f5es presidenciais deste ano. Impedir que ganhe, n\u00e3o. \u00c9 mais do [&hellip;]<\/p>\n","protected":false},"author":2,"featured_media":1465,"comment_status":"open","ping_status":"open","sticky":false,"template":"","format":"standard","meta":[],"categories":[2,11],"tags":[],"_links":{"self":[{"href":"https:\/\/dgospel.com.br\/portal\/index.php\/wp-json\/wp\/v2\/posts\/1464"}],"collection":[{"href":"https:\/\/dgospel.com.br\/portal\/index.php\/wp-json\/wp\/v2\/posts"}],"about":[{"href":"https:\/\/dgospel.com.br\/portal\/index.php\/wp-json\/wp\/v2\/types\/post"}],"author":[{"embeddable":true,"href":"https:\/\/dgospel.com.br\/portal\/index.php\/wp-json\/wp\/v2\/users\/2"}],"replies":[{"embeddable":true,"href":"https:\/\/dgospel.com.br\/portal\/index.php\/wp-json\/wp\/v2\/comments?post=1464"}],"version-history":[{"count":1,"href":"https:\/\/dgospel.com.br\/portal\/index.php\/wp-json\/wp\/v2\/posts\/1464\/revisions"}],"predecessor-version":[{"id":1467,"href":"https:\/\/dgospel.com.br\/portal\/index.php\/wp-json\/wp\/v2\/posts\/1464\/revisions\/1467"}],"wp:featuredmedia":[{"embeddable":true,"href":"https:\/\/dgospel.com.br\/portal\/index.php\/wp-json\/wp\/v2\/media\/1465"}],"wp:attachment":[{"href":"https:\/\/dgospel.com.br\/portal\/index.php\/wp-json\/wp\/v2\/media?parent=1464"}],"wp:term":[{"taxonomy":"category","embeddable":true,"href":"https:\/\/dgospel.com.br\/portal\/index.php\/wp-json\/wp\/v2\/categories?post=1464"},{"taxonomy":"post_tag","embeddable":true,"href":"https:\/\/dgospel.com.br\/portal\/index.php\/wp-json\/wp\/v2\/tags?post=1464"}],"curies":[{"name":"wp","href":"https:\/\/api.w.org\/{rel}","templated":true}]}}