{"id":14641,"date":"2023-02-08T12:40:22","date_gmt":"2023-02-08T15:40:22","guid":{"rendered":"http:\/\/dgospel.com.br\/portal\/?p=14641"},"modified":"2023-02-08T12:40:24","modified_gmt":"2023-02-08T15:40:24","slug":"confira-os-vencedores-do-trofeu-gerando-salvacao","status":"publish","type":"post","link":"https:\/\/dgospel.com.br\/portal\/index.php\/2023\/02\/08\/confira-os-vencedores-do-trofeu-gerando-salvacao\/","title":{"rendered":"Confira os vencedores do Trof\u00e9u Gerando Salva\u00e7\u00e3o"},"content":{"rendered":"\n<p>Nesta ter\u00e7a-feira (7), aconteceu o&nbsp;<em>Trof\u00e9u Gerando Salva\u00e7\u00e3o<\/em>, no Espa\u00e7o das Am\u00e9ricas, em S\u00e3o Paulo. Criada em 2015, a premia\u00e7\u00e3o tem como objetivo homenagear os grandes nomes da m\u00fasica e da comunica\u00e7\u00e3o gospel.<\/p>\n\n\n\n<p>A iniciativa \u00e9 da pastora Raquel Santiago, filha do ap\u00f3stolo Valdemiro Santiago, l\u00edder da Igreja Mundial do Poder de Deus. A premia\u00e7\u00e3o teve 15 categorias e muitas apresenta\u00e7\u00f5es.<\/p>\n\n\n\n<p>A grande vencedora da noite foi Maria Mar\u00e7al. Com apenas 13 anos, a jovem artista venceu nas categorias Artista Revela\u00e7\u00e3o, Artista Mirim e M\u00fasica do Ano.<\/p>\n\n\n\n<p>\u2013 Eu estou muito feliz e honrada de estar aqui. Eu lembro de assistir ao Trof\u00e9u na sala de casa, com a minha fam\u00edlia, pelo celular. Agrade\u00e7o a Deus; \u00e0 minha fam\u00edlia que sempre esteve ao meu lado; \u00e0 gravadora mais top do Brasil, MK Music, e tamb\u00e9m \u00e0 tia Marina [de Oliveira, presidente da gravadora] e toda equipe. O Deus que me fez sonhar \u00e9 o mesmo que me faz realizar hoje \u2013 discursou.<\/p>\n\n\n\n<p>Ao vencer pela terceira vez, Maria Mar\u00e7al subiu ao palco emocionada.<\/p>\n\n\n\n<p>\u2013 E n\u00e3o estou acreditando, mas Deus \u00e9 fiel. Eu canto desde os 3 anos de idade e eu vejo as promessas de Deus se cumprindo na minha vida.<\/p>\n\n\n\n<p>Compositor de<em>&nbsp;Deserto<\/em>, can\u00e7\u00e3o que ganhou na categoria M\u00fasica do Ano, Anderson Freire recebeu um trof\u00e9u das m\u00e3os do ap\u00f3stolo Valdemiro.<\/p>\n\n\n\n<figure class=\"wp-block-image\"><img src=\"https:\/\/static.cdn.pleno.news\/2023\/02\/CD607E4F-B3C5-4A24-8C34-8B7B9BE4FF86-1024x683.jpeg\" alt=\"\" class=\"wp-image-1086994\"\/><figcaption>Maria Mar\u00e7al&nbsp;Foto: Pleno.News\/Priscila Ramalho<\/figcaption><\/figure>\n\n\n\n<p>A homenagem do ano foi para o Diante do Trono, grupo liderado pela cantora e pastora Ana Paula Valad\u00e3o e que est\u00e1 comemorando 25 anos. Subiram ao palco para cantar na celebra\u00e7\u00e3o: Melk Villar, Lukas Agustinho, Thaiane Seghetto, Noemy Limas, Lu Alone e Marcos Freire.<\/p>\n\n\n\n<p>\u2013 Obrigada a cada um de voc\u00eas. Foi uma grande surpresa \u2013 disse Ana Paula Valad\u00e3o, emocionada. Ao lado dela estavam cantores que fizeram parte do grupo ao longo dos anos.<\/p>\n\n\n\n<figure class=\"wp-block-image\"><img src=\"https:\/\/static.cdn.pleno.news\/2023\/02\/trofeugerandosalvacao_329216192_579115507441748_1387753904091148003_n.jpg\" alt=\"trofeugerandosalvacao_329216192_579115507441748_1387753904091148003_n\" title=\"trofeugerandosalvacao_329216192_579115507441748_1387753904091148003_n\"\/><figcaption>Anderson Freire&nbsp;\/ Foto: Divulga\u00e7\u00e3o\/Trof\u00e9u Gerando Salva\u00e7\u00e3o<\/figcaption><\/figure>\n\n\n\n<figure class=\"wp-block-image\"><img src=\"https:\/\/static.cdn.pleno.news\/2023\/02\/trofeugerandosalvacao_329978776_1838896796487333_770539392634061293_n-768x960.jpg\" alt=\"trofeugerandosalvacao_329978776_1838896796487333_770539392634061293_n\" title=\"trofeugerandosalvacao_329978776_1838896796487333_770539392634061293_n\"\/><figcaption>Heloisa Rosa&nbsp;\/ Foto: Divulga\u00e7\u00e3o\/Trof\u00e9u Gerando Salva\u00e7\u00e3o<\/figcaption><\/figure>\n\n\n\n<figure class=\"wp-block-image\"><img src=\"https:\/\/static.cdn.pleno.news\/2023\/02\/trofeugerandosalvacao_329243289_870922777465375_4272757473238620551_n-768x960.jpg\" alt=\"trofeugerandosalvacao_329243289_870922777465375_4272757473238620551_n\" title=\"trofeugerandosalvacao_329243289_870922777465375_4272757473238620551_n\"\/><figcaption>Raquel Santiago&nbsp;\/ Foto: Divulga\u00e7\u00e3o\/Trof\u00e9u Gerando Salva\u00e7\u00e3o<\/figcaption><\/figure>\n\n\n\n<figure class=\"wp-block-image\"><img src=\"https:\/\/static.cdn.pleno.news\/2023\/02\/trofeugerandosalvacao_329817031_907159513846670_6234750945445498175_n-768x768.jpg\" alt=\"trofeugerandosalvacao_329817031_907159513846670_6234750945445498175_n\" title=\"trofeugerandosalvacao_329817031_907159513846670_6234750945445498175_n\"\/><figcaption>Michel Barcellos &#8211; vencedor na categoria Produtor do Ano&nbsp;\/ Foto: Divulga\u00e7\u00e3o\/Trof\u00e9u Gerando Salva\u00e7\u00e3o<\/figcaption><\/figure>\n\n\n\n<figure class=\"wp-block-image\"><img src=\"https:\/\/static.cdn.pleno.news\/2023\/02\/trofeugerandosalvacao_321701290_176943005041285_2063185754552739553_n-768x513.jpg\" alt=\"trofeugerandosalvacao_321701290_176943005041285_2063185754552739553_n\" title=\"trofeugerandosalvacao_321701290_176943005041285_2063185754552739553_n\"\/><figcaption>Maria Mar\u00e7al e Isaque Marins&nbsp;\/ Foto: Divulga\u00e7\u00e3o\/Trof\u00e9u Gerando Salva\u00e7\u00e3o<\/figcaption><\/figure>\n\n\n\n<figure class=\"wp-block-image\"><img src=\"https:\/\/static.cdn.pleno.news\/2023\/02\/trofeugerandosalvacao_329232620_507902758126485_2661139094939847093_n-1.jpg\" alt=\"trofeugerandosalvacao_329232620_507902758126485_2661139094939847093_n\" title=\"trofeugerandosalvacao_329232620_507902758126485_2661139094939847093_n\"\/><figcaption>Elaine de Jesus&nbsp;\/ Foto: Divulga\u00e7\u00e3o\/Trof\u00e9u Gerando Salva\u00e7\u00e3o<\/figcaption><\/figure>\n\n\n\n<figure class=\"wp-block-image\"><img src=\"https:\/\/static.cdn.pleno.news\/2023\/02\/trofeugerandosalvacao_329472085_212994474471183_9123375975611202769_n.jpg\" alt=\"trofeugerandosalvacao_329472085_212994474471183_9123375975611202769_n\" title=\"trofeugerandosalvacao_329472085_212994474471183_9123375975611202769_n\"\/><figcaption>S\u00e9rgio Lopes&nbsp;\/ Foto: Divulga\u00e7\u00e3o\/Trof\u00e9u Gerando Salva\u00e7\u00e3o<\/figcaption><\/figure>\n\n\n\n<figure class=\"wp-block-image\"><img src=\"https:\/\/static.cdn.pleno.news\/2023\/02\/trofeugerandosalvacao_328315813_595231222522935_6195094388476088274_n.jpg\" alt=\"trofeugerandosalvacao_328315813_595231222522935_6195094388476088274_n\" title=\"trofeugerandosalvacao_328315813_595231222522935_6195094388476088274_n\"\/><figcaption>Ap\u00f3stolo Valdemiro Santiago, pastora Raquel Santiago e S\u00e9rgio Lopes&nbsp;\/ Foto: Divulga\u00e7\u00e3o\/Trof\u00e9u Gerando Salva\u00e7\u00e3o<\/figcaption><\/figure>\n\n\n\n<figure class=\"wp-block-image\"><img src=\"https:\/\/static.cdn.pleno.news\/2023\/02\/trofeugerandosalvacao_329301074_136182002670928_363367555633238022_n.jpg\" alt=\"trofeugerandosalvacao_329301074_136182002670928_363367555633238022_n\" title=\"trofeugerandosalvacao_329301074_136182002670928_363367555633238022_n\"\/><figcaption>Jefferson e Suellen &#8211; vencedores na categoria banda, grupo e dupla do ano&nbsp;\/ Foto: Divulga\u00e7\u00e3o\/Trof\u00e9u Gerando Salva\u00e7\u00e3o<\/figcaption><\/figure>\n\n\n\n<figure class=\"wp-block-image\"><img src=\"https:\/\/static.cdn.pleno.news\/2023\/02\/trofeugerandosalvacao_329466842_2971137846516088_7463751409272608192_n.jpg\" alt=\"trofeugerandosalvacao_329466842_2971137846516088_7463751409272608192_n\" title=\"trofeugerandosalvacao_329466842_2971137846516088_7463751409272608192_n\"\/><figcaption>Paulo Neto e Vocal Livre&nbsp;\/ Foto: Divulga\u00e7\u00e3o\/Trof\u00e9u Gerando Salva\u00e7\u00e3o<\/figcaption><\/figure>\n\n\n\n<figure class=\"wp-block-image\"><img src=\"https:\/\/static.cdn.pleno.news\/2023\/02\/trofeugerandosalvacao_329064898_1566265713851797_8503034505923344000_n.jpg\" alt=\"trofeugerandosalvacao_329064898_1566265713851797_8503034505923344000_n\" title=\"trofeugerandosalvacao_329064898_1566265713851797_8503034505923344000_n\"\/><figcaption>Karina Bacchi&nbsp;\/ Foto: Divulga\u00e7\u00e3o\/Trof\u00e9u Gerando Salva\u00e7\u00e3o<\/figcaption><\/figure>\n\n\n\n<figure class=\"wp-block-image\"><img src=\"https:\/\/static.cdn.pleno.news\/2023\/02\/trofeugerandosalvacao_329388600_5809523462461525_44718109333839291_n.jpg\" alt=\"trofeugerandosalvacao_329388600_5809523462461525_44718109333839291_n\" title=\"trofeugerandosalvacao_329388600_5809523462461525_44718109333839291_n\"\/><figcaption>Fabiana Sinfr\u00f4nio e Wilian Nascimento&nbsp;\/ Foto: Divulga\u00e7\u00e3o\/Trof\u00e9u Gerando Salva\u00e7\u00e3o<\/figcaption><\/figure>\n\n\n\n<figure class=\"wp-block-image\"><img src=\"https:\/\/static.cdn.pleno.news\/2023\/02\/trofeugerandosalvacao_329854946_866901914542404_4582369408059725264_n-768x513.jpg\" alt=\"trofeugerandosalvacao_329854946_866901914542404_4582369408059725264_n\" title=\"trofeugerandosalvacao_329854946_866901914542404_4582369408059725264_n\"\/><figcaption>Preto no Branco, Felipe Vilela e Lito Atalaia&nbsp;\/ Foto: Divulga\u00e7\u00e3o\/Trof\u00e9u Gerando Salva\u00e7\u00e3o<\/figcaption><\/figure>\n\n\n\n<figure class=\"wp-block-image\"><img src=\"https:\/\/static.cdn.pleno.news\/2023\/02\/trofeugerandosalvacao_329682551_684563033358588_250906354351862677_n.jpg\" alt=\"trofeugerandosalvacao_329682551_684563033358588_250906354351862677_n\" title=\"trofeugerandosalvacao_329682551_684563033358588_250906354351862677_n\"\/><figcaption>Banda Som e Louvor e Stella Laura foram os vencedores na categoria M\u00fasica Celebra\u00e7\u00e3o&nbsp;\/ Foto: Divulga\u00e7\u00e3o\/Trof\u00e9u Gerando Salva\u00e7\u00e3o<\/figcaption><\/figure>\n\n\n\n<figure class=\"wp-block-image\"><img src=\"https:\/\/static.cdn.pleno.news\/2023\/02\/trofeugerandosalvacao_329409513_512860574089628_3233856780931989390_n.jpg\" alt=\"trofeugerandosalvacao_329409513_512860574089628_3233856780931989390_n\" title=\"trofeugerandosalvacao_329409513_512860574089628_3233856780931989390_n\"\/><figcaption>Ton Carfi, Ao Cubo e DJ PV&nbsp;\/ Foto: Divulga\u00e7\u00e3o\/Trof\u00e9u Gerando Salva\u00e7\u00e3o<\/figcaption><\/figure>\n\n\n\n<figure class=\"wp-block-image\"><img src=\"https:\/\/static.cdn.pleno.news\/2023\/02\/trofeugerandosalvacao_329754473_911714079961384_8715020835609268781_n-768x513.jpg\" alt=\"trofeugerandosalvacao_329754473_911714079961384_8715020835609268781_n\" title=\"trofeugerandosalvacao_329754473_911714079961384_8715020835609268781_n\"\/><figcaption>Maria Mar\u00e7al &#8211; vencedora na categoria Artista Revela\u00e7\u00e3o&nbsp;\/ Foto: Divulga\u00e7\u00e3o\/Trof\u00e9u Gerando Salva\u00e7\u00e3o<\/figcaption><\/figure>\n\n\n\n<figure class=\"wp-block-image\"><img src=\"https:\/\/static.cdn.pleno.news\/2023\/02\/trofeugerandosalvacao_329911464_3375803696072336_2339032981356464504_n-768x513.jpg\" alt=\"trofeugerandosalvacao_329911464_3375803696072336_2339032981356464504_n\" title=\"trofeugerandosalvacao_329911464_3375803696072336_2339032981356464504_n\"\/><figcaption>Elaine Martins&nbsp;\/ Foto: Divulga\u00e7\u00e3o\/Trof\u00e9u Gerando Salva\u00e7\u00e3o<\/figcaption><\/figure>\n\n\n\n<figure class=\"wp-block-image\"><img src=\"https:\/\/static.cdn.pleno.news\/2023\/02\/trofeugerandosalvacao_329245068_183284677669932_2761324491494026897_n-768x513.jpg\" alt=\"trofeugerandosalvacao_329245068_183284677669932_2761324491494026897_n\" title=\"trofeugerandosalvacao_329245068_183284677669932_2761324491494026897_n\"\/><figcaption>Sarah Beatriz e Samuel Messias &#8211; vencedores na categoria Feat do Ano&nbsp;\/ Foto: Divulga\u00e7\u00e3o\/Trof\u00e9u Gerando Salva\u00e7\u00e3o<\/figcaption><\/figure>\n\n\n\n<figure class=\"wp-block-image\"><img src=\"https:\/\/static.cdn.pleno.news\/2023\/02\/trofeugerandosalvacao_329850997_1401553380588014_7005903738244731430_n.jpg\" alt=\"Ternura, Malaquias e \u00c1frica Singer\" title=\"Ternura, Malaquias e \u00c1frica Singer\"\/><figcaption>Ternura, Malaquias e \u00c1frica Singer&nbsp;\/ Foto: Divulga\u00e7\u00e3o\/Trof\u00e9u Gerando Salva\u00e7\u00e3o<\/figcaption><\/figure>\n\n\n\n<figure class=\"wp-block-image\"><img src=\"https:\/\/static.cdn.pleno.news\/2023\/02\/trofeugerandosalvacao_329270934_2042899199236004_679349931225987636_n.jpg\" alt=\"trofeugerandosalvacao_329270934_2042899199236004_679349931225987636_n\" title=\"trofeugerandosalvacao_329270934_2042899199236004_679349931225987636_n\"\/><figcaption>Jess\u00e9 Aguiar e Kellen Byanca &#8211; vencedores na categoria Videoclipe&nbsp;\/ Foto: Divulga\u00e7\u00e3o\/Trof\u00e9u Gerando Salva\u00e7\u00e3o<\/figcaption><\/figure>\n\n\n\n<figure class=\"wp-block-image\"><img src=\"https:\/\/static.cdn.pleno.news\/2023\/02\/trofeugerandosalvacao_329753223_1883185485352782_4998748242344625128_n-768x513.jpg\" alt=\"trofeugerandosalvacao_329753223_1883185485352782_4998748242344625128_n\" title=\"trofeugerandosalvacao_329753223_1883185485352782_4998748242344625128_n\"\/><figcaption>Sara Brasil Curitiba &#8211; vencedora na categoria R\u00e1dio do Ano&nbsp;\/ Foto: Divulga\u00e7\u00e3o\/Trof\u00e9u Gerando Salva\u00e7\u00e3o<\/figcaption><\/figure>\n\n\n\n<figure class=\"wp-block-image\"><img src=\"https:\/\/static.cdn.pleno.news\/2023\/02\/trofeugerandosalvacao_329714606_584333493217204_8017982640435741888_n.jpg\" alt=\"trofeugerandosalvacao_329714606_584333493217204_8017982640435741888_n\" title=\"trofeugerandosalvacao_329714606_584333493217204_8017982640435741888_n\"\/><figcaption>Sarah Beatriz e Samuel Messias&nbsp;\/ Foto: Divulga\u00e7\u00e3o\/Trof\u00e9u Gerando Salva\u00e7\u00e3o<\/figcaption><\/figure>\n\n\n\n<figure class=\"wp-block-image\"><img src=\"https:\/\/static.cdn.pleno.news\/2023\/02\/trofeugerandosalvacao_329567785_170283082400678_2076687456717782314_n.jpg\" alt=\"trofeugerandosalvacao_329567785_170283082400678_2076687456717782314_n\" title=\"trofeugerandosalvacao_329567785_170283082400678_2076687456717782314_n\"\/><figcaption>Nath\u00e1lia Braga &#8211; vencedora na categoria Cover do Ano&nbsp;\/ Foto: Divulga\u00e7\u00e3o\/Trof\u00e9u Gerando Salva\u00e7\u00e3o<\/figcaption><\/figure>\n\n\n\n<figure class=\"wp-block-image\"><img src=\"https:\/\/static.cdn.pleno.news\/2023\/02\/trofeugerandosalvacao_329536952_177768831617570_1592691506654417811_n.jpg\" alt=\"trofeugerandosalvacao_329536952_177768831617570_1592691506654417811_n\" title=\"trofeugerandosalvacao_329536952_177768831617570_1592691506654417811_n\"\/><figcaption>Yudi Tamashiro&nbsp;\/ Foto: Divulga\u00e7\u00e3o\/Trof\u00e9u Gerando Salva\u00e7\u00e3o<\/figcaption><\/figure>\n\n\n\n<figure class=\"wp-block-image\"><img src=\"https:\/\/static.cdn.pleno.news\/2023\/02\/trofeugerandosalvacao_327794034_228042279653690_7146275364267806568_n.jpg\" alt=\"trofeugerandosalvacao_327794034_228042279653690_7146275364267806568_n\" title=\"trofeugerandosalvacao_327794034_228042279653690_7146275364267806568_n\"\/><figcaption>Vit\u00f3ria Souza &#8211; vencedora na categoria Digital Influencer&nbsp;\/ Foto: Divulga\u00e7\u00e3o\/Trof\u00e9u Gerando Salva\u00e7\u00e3o<\/figcaption><\/figure>\n\n\n\n<p>Outro momento muito emocionante para todos os presentes foi quando o cantor e apresentador Yudi Tamashiro subiu ao palco para dar uma palavra. Ele compartilhou um pouco de sua hist\u00f3ria e orou.<\/p>\n\n\n\n<p>\u2013 Eu j\u00e1 cantei no Rock in Rio, eu j\u00e1 cantei em v\u00e1rios lugares e eu nunca vi um potencial como eu vi em cima desse palco. Eu nunca fiquei t\u00e3o arrepiado como eu fiquei aqui. (\u2026) O maior pr\u00eamio \u00e9 ser um instrumento nas m\u00e3os de Deus \u2013 testemunhou.<\/p>\n\n\n\n<p><strong>PRODUTOR DO ANO<br><\/strong>Ed Oliver<br>Everson Menezes<br>Hananiel Eduardo<br>Johnny Essi<br>Maestro Henrique Oliveira<br>Maestro Tiago Oliveira<br>Matheus Charles<br><strong><em>Michel Barcellos \u2013 vencedor<\/em><\/strong><br>Tadeu Chuff<\/p>\n\n\n\n<p><strong>BANDA, GRUPO OU DUPLA<br><\/strong>Andr\u00e9 e Felipe<br>Can\u00e7\u00e3o e Louvor<br>Gislaine e Mylena<br><strong><em>Jefferson e Suellen \u2013 vencedora<\/em><\/strong><br>Kemuel<br>Morada<br>Oficina G3<br>Som e Louvor<br>Vocal Livre<br><strong><br>PORTAL EVANG\u00c9LICO<br><\/strong>Crente Sincero<br>Deus Nunca Falhou<br>Gospel Channel<br><strong><em>Gospelmente \u2013 vencedor<\/em><\/strong><br>Pleno.News<br>Senhora Gospel<\/p>\n\n\n\n<p><strong>M\u00daSICA CELEBRA\u00c7\u00c3O<br><em>Banda Som e Louvor &amp; Stella Laura \u2013 Quem Viver Ver\u00e1 \u2013 vencedora<\/em><\/strong><br>Diante do Trono \u2013 Sim e Am\u00e9m<br>DJ PV \u2013 Me Faz Viver<br>DJ PV &amp; Lorena Chaves \u2013 Dan\u00e7a<br>Eli Soares \u2013 Vem com Josu\u00e9 Lutar em Jeric\u00f3<br>Israel Soares \u2013 N\u00e3o mais Escravo<br>Izabela Ryos \u2013 Eu te Louvarei<br>Theo Rubia \u2013 A Alegria do Senhor<\/p>\n\n\n\n<p><strong>ARTISTA REVELA\u00c7\u00c3O<br><\/strong>Esther Fiaux<br><strong><em>Maria Mar\u00e7al \u2013 vencedora<\/em><\/strong><br>Raquel Olliver<br>Sophia Vit\u00f3ria<br>Victin<br>Vit\u00f3ria Souza<\/p>\n\n\n\n<p><strong>FEAT DO ANO<br><\/strong>Andr\u00e9 e Felipe &amp; Isadora Pompeo \u2013 Cuido dos Detalhes<br>Bruna Karla &amp; Anderson Freire \u2013 Acima da M\u00e9dia<br>Daniela Ara\u00fajo &amp; Jess\u00e9 Aguiar \u2013 Promessas<br>Kellen Byanca &amp; Jess\u00e9 Aguiar \u2013 Por causa Dele<br>Maria Mar\u00e7al &amp; Isaque Marins \u2013 Gerado no Altar<br>Pedro Henrique &amp; Vit\u00f3ria Souza \u2013 Levanta<br>Raquel Olliver &amp; Kellen Byanca \u2013 Vou Marcar tua Hist\u00f3ria<br><strong><em>Sarah Beatriz &amp; Samuel Messias \u2013 Promessas \u2013 vencedor<\/em><\/strong><br>Thalita Roberta &amp; Maria Mar\u00e7al \u2013 Se n\u00e3o Fosse Deus<\/p>\n\n\n\n<p><strong>VIDEOCLIPE<br><\/strong>Aline Barros \u2013 Jeov\u00e1 Jireh<br>Daniela Ara\u00fajo &amp; Jess\u00e9 Aguiar \u2013 Promessas<br>Daniel Berg &amp; Theo Rubia \u2013 At\u00e9 que eu n\u00e3o Consiga mais Ficar de p\u00e9<br>Jess\u00e9 Aguiar \u2013 A Reforma<br>Kellen Byanca \u2013 Est\u00e1 tudo bem<br><strong><em>Kellen Byanca &amp; Jess\u00e9 Aguiar \u2013 Por Causa Dele \u2013 vencedor<\/em><\/strong><\/p>\n\n\n\n<p><strong>R\u00c1DIO DO ANO<\/strong><br>93 FM<br>Adore Mais<br>Cidade Esperan\u00e7a<br>Gospel FM<br>Maranata<br>Musical<br>Novo Tempo<br><strong><em>Sara Brasil \u2013 Curitiba \u2013 vencedora<\/em><\/strong><\/p>\n\n\n\n<p><strong>COVER DO ANO<\/strong><em><br><\/em>Isadora Pompeo \u2013 Cicatrizes<br>Jess\u00e9 Aguiar \u2013 O Processo<br>J\u00e9ssica Augusto \u2013 Eu Permiti o Vento<br>Mari Borges \u2013 Est\u00e1 tudo bem<br><em><strong>Nathalia Braga \u2013 Eu Permiti o Vento \u2013 vencedor<\/strong><\/em><br>Sued Silva \u2013 Deus Est\u00e1 te Ensinando<\/p>\n\n\n\n<p><strong>DIGITAL INFLUENCER<\/strong><br>Fab\u00edola Melo<br>Gaaby Oliveira<br>Guilherme Batista<br>Israel Targino<br>Jey Reis<br>Matheus Ferreira<br>Ricardo Hong<br><strong><em>Vit\u00f3ria Souza \u2013 vencedora<\/em><\/strong><\/p>\n\n\n\n<p><strong>ARTISTA MIRIM<\/strong><br>Esther Fiaux<br>Isaque Marins<br>Kellen Byanca<br><strong><em>Maria Mar\u00e7al \u2013 vencedora<\/em><\/strong><br>Sophia Vit\u00f3ria<br>Thalita Roberta<\/p>\n\n\n\n<p><strong>PROJETO INFANTIL<\/strong><br><strong><em>3 Palavrinhas \u2013 vencedor<\/em><\/strong><br>Bunek\u00e3o<br>Minha Vida \u00e9 Uma Viagem<br>O Grande Livro<br>Pequenos Atos<br>Turma do Crist\u00e3ozinho<br>Yasminzinha<\/p>\n\n\n\n<p><strong>CANTORA DO ANO<br><\/strong>Bruna Karla<br>Daniela Ara\u00fajo<strong><br><em>Gabriela Rocha \u2013 vencedora<\/em><\/strong><br>Isadora Pompeo<br>Nathalia Braga<br>Sarah Beatriz<br>Stella Laura<br>Valesca Mayssa<\/p>\n\n\n\n<p><strong>CANTOR DO ANO<br><\/strong>Anderson Freire<br>Isa\u00edas Saad<br>Jess\u00e9 Aguiar<br><strong><em>Leandro Borges \u2013 vencedor<\/em><\/strong><br>Pedro Henrique<br>Samuel Messias<br>Thalles Roberto<br>Ton Carfi<\/p>\n\n\n\n<p><strong>M\u00daSICA DO ANO<\/strong><br><strong><em>Deserto \u2013 Maria Mar\u00e7al \u2013 vencedora<\/em><\/strong><br>Est\u00e1 tudo bem \u2013 Kellen Byanca<br>Por causa Dele \u2013 Kellen Byanca &amp; Jess\u00e9 Aguiar<br>Bondade de Deus \u2013 Isa\u00edas Saad<br>Eu Permiti o Vento \u2013 Vit\u00f3ria Souza<br>Os Sonhos de Deus \u2013 Gabriela Rocha<br>Promessas \u2013 Sarah Beatriz &amp; Samuel Messias<br>A Reforma \u2013 Jess\u00e9 Aguiar<br>Eu Creio \u2013 Gabriela Rocha<br>Descend\u00eancia \u2013 Pedro Henrique<\/p>\n","protected":false},"excerpt":{"rendered":"<p>Nesta ter\u00e7a-feira (7), aconteceu o&nbsp;Trof\u00e9u Gerando Salva\u00e7\u00e3o, no Espa\u00e7o das Am\u00e9ricas, em S\u00e3o Paulo. Criada em 2015, a premia\u00e7\u00e3o tem como objetivo homenagear os grandes nomes da m\u00fasica e da comunica\u00e7\u00e3o gospel. A iniciativa \u00e9 da pastora Raquel Santiago, filha do ap\u00f3stolo Valdemiro Santiago, l\u00edder da Igreja Mundial do Poder de Deus. A premia\u00e7\u00e3o teve [&hellip;]<\/p>\n","protected":false},"author":2,"featured_media":14642,"comment_status":"open","ping_status":"open","sticky":false,"template":"","format":"standard","meta":[],"categories":[5],"tags":[],"_links":{"self":[{"href":"https:\/\/dgospel.com.br\/portal\/index.php\/wp-json\/wp\/v2\/posts\/14641"}],"collection":[{"href":"https:\/\/dgospel.com.br\/portal\/index.php\/wp-json\/wp\/v2\/posts"}],"about":[{"href":"https:\/\/dgospel.com.br\/portal\/index.php\/wp-json\/wp\/v2\/types\/post"}],"author":[{"embeddable":true,"href":"https:\/\/dgospel.com.br\/portal\/index.php\/wp-json\/wp\/v2\/users\/2"}],"replies":[{"embeddable":true,"href":"https:\/\/dgospel.com.br\/portal\/index.php\/wp-json\/wp\/v2\/comments?post=14641"}],"version-history":[{"count":1,"href":"https:\/\/dgospel.com.br\/portal\/index.php\/wp-json\/wp\/v2\/posts\/14641\/revisions"}],"predecessor-version":[{"id":14643,"href":"https:\/\/dgospel.com.br\/portal\/index.php\/wp-json\/wp\/v2\/posts\/14641\/revisions\/14643"}],"wp:featuredmedia":[{"embeddable":true,"href":"https:\/\/dgospel.com.br\/portal\/index.php\/wp-json\/wp\/v2\/media\/14642"}],"wp:attachment":[{"href":"https:\/\/dgospel.com.br\/portal\/index.php\/wp-json\/wp\/v2\/media?parent=14641"}],"wp:term":[{"taxonomy":"category","embeddable":true,"href":"https:\/\/dgospel.com.br\/portal\/index.php\/wp-json\/wp\/v2\/categories?post=14641"},{"taxonomy":"post_tag","embeddable":true,"href":"https:\/\/dgospel.com.br\/portal\/index.php\/wp-json\/wp\/v2\/tags?post=14641"}],"curies":[{"name":"wp","href":"https:\/\/api.w.org\/{rel}","templated":true}]}}