{"id":14647,"date":"2023-02-08T12:47:28","date_gmt":"2023-02-08T15:47:28","guid":{"rendered":"http:\/\/dgospel.com.br\/portal\/?p=14647"},"modified":"2023-02-08T12:47:29","modified_gmt":"2023-02-08T15:47:29","slug":"juristas-evangelicos-emitem-nota-contra-a-promocao-da-mudanca-de-sexo-em-criancas","status":"publish","type":"post","link":"https:\/\/dgospel.com.br\/portal\/index.php\/2023\/02\/08\/juristas-evangelicos-emitem-nota-contra-a-promocao-da-mudanca-de-sexo-em-criancas\/","title":{"rendered":"Juristas evang\u00e9licos emitem nota contra a promo\u00e7\u00e3o da \u2018mudan\u00e7a de sexo\u2019 em crian\u00e7as"},"content":{"rendered":"\n<p>Por mais que alertas de especialistas, profissionais de sa\u00fade gabaritados para tratar do assunto sejam emitidos, a ideologia de g\u00eanero continua avan\u00e7ando e produzindo efeitos desastrosos na sociedade. Visando contrapor esse fluxo, a Associa\u00e7\u00e3o Nacional de Juristas Evang\u00e9licos (ANAJURE) do Brasil resolveu se posicionar.<\/p>\n\n\n\n<p>Em uma nota emitida pela organiza\u00e7\u00e3o, considerada a mais importante da Am\u00e9rica Latina, os juristas destacam uma mat\u00e9ria do portal G1 que repercutiu fortemente nos \u00faltimos dias, onde \u00e9 dito que 100 crian\u00e7as na faixa de idade de 4 a 12 anos, al\u00e9m de 180 adolescentes de 13 a 17 anos, est\u00e3o se submetendo \u00e0 chamada \u201cterapia\u201d hormonal para indiv\u00edduos que se identificam como transexuais.<\/p>\n\n\n\n<p>Os juristas evang\u00e9licos da ANAJURE citam resolu\u00e7\u00f5es vigentes em territ\u00f3rio nacional, como a do Conselho Federal de Medicina, que pro\u00edbe interven\u00e7\u00f5es dr\u00e1sticas em menores de idade.<\/p>\n\n\n\n<p>\u201cMenores de 18 anos n\u00e3o podem se submeter a procedimentos cir\u00fargicos de afirma\u00e7\u00e3o de g\u00eanero (art. 11). A hormonioterapia, por sua vez, \u00e9 viabilizada apenas para os maiores de 16 anos (art. 9\u00ba). Existe, ainda, a pr\u00e1tica do bloqueio hormonal, que poder\u00e1 ser aplicada a partir da puberdade, sendo sujeito \u00e0s regras de protocolos de pesquisa aprovados pelo sistema CEP\/Conep em face de seu car\u00e1ter experimental (art. 9\u00ba, \u00a7 2\u00ba)\u201d, informa a nota.<\/p>\n\n\n\n<h2>Proibi\u00e7\u00e3o<\/h2>\n\n\n\n<p>Na semana passada, o deputado federal eleito Mario Frias tamb\u00e9m reagiu ao cen\u00e1rio brasileiro noticiado pelo G1. Por causa disso, o parlamentar apresentou um Projeto de Lei com o objetivo de proibir o uso de bloqueadores hormonais em menores de idade.<\/p>\n\n\n\n<p>\u201cDentro do nosso arcabou\u00e7o legal, dito legisla\u00e7\u00e3o, n\u00e3o h\u00e1 regulamenta\u00e7\u00e3o sobre esse tipo de pr\u00e1tica m\u00e9dica, e isso \u00e9 oportuno, pois sem lei impeditiva, tais \u2018tratamentos\u2019 s\u00e3o avalizados pela \u2018autonomia m\u00e9dica\u2019, conceito extremamente subjetivo\u201d,&nbsp;<a href=\"https:\/\/noticias.gospelmais.com.br\/deputado-pl-proibir-bloqueador-hormonal-criancas-trans-159992.html\">diz um trecho do PL<\/a><\/p>\n\n\n\n<p>Um aspecto de grande preocupa\u00e7\u00e3o por parte das fam\u00edlias e dos especialistas em sa\u00fade diz respeito \u00e0 promo\u00e7\u00e3o midi\u00e1tica sobre o tema, o que pode estar favorecendo o aumento do n\u00famero de \u201ccrian\u00e7as trans\u201d sendo identificadas pelo mundo. Para saber mais, leia:<\/p>\n","protected":false},"excerpt":{"rendered":"<p>Por mais que alertas de especialistas, profissionais de sa\u00fade gabaritados para tratar do assunto sejam emitidos, a ideologia de g\u00eanero continua avan\u00e7ando e produzindo efeitos desastrosos na sociedade. Visando contrapor esse fluxo, a Associa\u00e7\u00e3o Nacional de Juristas Evang\u00e9licos (ANAJURE) do Brasil resolveu se posicionar. Em uma nota emitida pela organiza\u00e7\u00e3o, considerada a mais importante da [&hellip;]<\/p>\n","protected":false},"author":2,"featured_media":14648,"comment_status":"open","ping_status":"open","sticky":false,"template":"","format":"standard","meta":[],"categories":[5],"tags":[],"_links":{"self":[{"href":"https:\/\/dgospel.com.br\/portal\/index.php\/wp-json\/wp\/v2\/posts\/14647"}],"collection":[{"href":"https:\/\/dgospel.com.br\/portal\/index.php\/wp-json\/wp\/v2\/posts"}],"about":[{"href":"https:\/\/dgospel.com.br\/portal\/index.php\/wp-json\/wp\/v2\/types\/post"}],"author":[{"embeddable":true,"href":"https:\/\/dgospel.com.br\/portal\/index.php\/wp-json\/wp\/v2\/users\/2"}],"replies":[{"embeddable":true,"href":"https:\/\/dgospel.com.br\/portal\/index.php\/wp-json\/wp\/v2\/comments?post=14647"}],"version-history":[{"count":1,"href":"https:\/\/dgospel.com.br\/portal\/index.php\/wp-json\/wp\/v2\/posts\/14647\/revisions"}],"predecessor-version":[{"id":14649,"href":"https:\/\/dgospel.com.br\/portal\/index.php\/wp-json\/wp\/v2\/posts\/14647\/revisions\/14649"}],"wp:featuredmedia":[{"embeddable":true,"href":"https:\/\/dgospel.com.br\/portal\/index.php\/wp-json\/wp\/v2\/media\/14648"}],"wp:attachment":[{"href":"https:\/\/dgospel.com.br\/portal\/index.php\/wp-json\/wp\/v2\/media?parent=14647"}],"wp:term":[{"taxonomy":"category","embeddable":true,"href":"https:\/\/dgospel.com.br\/portal\/index.php\/wp-json\/wp\/v2\/categories?post=14647"},{"taxonomy":"post_tag","embeddable":true,"href":"https:\/\/dgospel.com.br\/portal\/index.php\/wp-json\/wp\/v2\/tags?post=14647"}],"curies":[{"name":"wp","href":"https:\/\/api.w.org\/{rel}","templated":true}]}}