{"id":14654,"date":"2023-02-08T23:21:52","date_gmt":"2023-02-09T02:21:52","guid":{"rendered":"http:\/\/dgospel.com.br\/portal\/?p=14654"},"modified":"2023-02-08T23:21:53","modified_gmt":"2023-02-09T02:21:53","slug":"frente-evangelica-deputados-eli-borges-e-silas-camara-alternarao-a-lideranca-a-cada-seis-meses","status":"publish","type":"post","link":"https:\/\/dgospel.com.br\/portal\/index.php\/2023\/02\/08\/frente-evangelica-deputados-eli-borges-e-silas-camara-alternarao-a-lideranca-a-cada-seis-meses\/","title":{"rendered":"Frente Evang\u00e9lica: Deputados Eli Borges e Silas C\u00e2mara alternar\u00e3o a lideran\u00e7a a cada seis meses"},"content":{"rendered":"\n<p>Durante reuni\u00e3o nesta quarta-feira (8), ficou acordado que a Frente Parlamentar Evang\u00e9lica (FPE) ter\u00e1 dois presidentes em 2023. Os deputados Eli Borges (PL-TO) e Silas C\u00e2mara (Republicanos-AM) alternar\u00e3o a lideran\u00e7a a cada seis meses.<\/p>\n\n\n\n<p>O primeiro a assumir o comando da Bancada Evang\u00e9lica ser\u00e1 Eli Borges, o parlamentar tocantinense est\u00e1 em seu segundo mandato como deputado federal. No entanto, sua vida p\u00fablica \u00e9 muito mais longa: s\u00e3o mais de 30 anos passando pela C\u00e2mara Municipal de Palmas, depois como deputado estadual no Tocantins at\u00e9 alcan\u00e7ar a C\u00e2mara dos Deputados.<\/p>\n\n\n\n<p>Silas C\u00e2mara \u00e9 deputado federal desde 1999, conquistando a reelei\u00e7\u00e3o ininterruptamente com o apoio dos amazonenses, principalmente da Igreja Assembleia de Deus da qual ele \u00e9 pastor.<\/p>\n\n\n\n<p>O acordo entre Eli Borges e Silas C\u00e2mara ser\u00e1 repetido no pr\u00f3ximo ano, respeitando assim a dura\u00e7\u00e3o da presid\u00eancia da FPE que \u00e9 de dois anos. Sendo assim, em 2025 novos nomes ir\u00e3o concorrer \u00e0 presid\u00eancia da bancada.<\/p>\n","protected":false},"excerpt":{"rendered":"<p>Durante reuni\u00e3o nesta quarta-feira (8), ficou acordado que a Frente Parlamentar Evang\u00e9lica (FPE) ter\u00e1 dois presidentes em 2023. Os deputados Eli Borges (PL-TO) e Silas C\u00e2mara (Republicanos-AM) alternar\u00e3o a lideran\u00e7a a cada seis meses. O primeiro a assumir o comando da Bancada Evang\u00e9lica ser\u00e1 Eli Borges, o parlamentar tocantinense est\u00e1 em seu segundo mandato como [&hellip;]<\/p>\n","protected":false},"author":2,"featured_media":14655,"comment_status":"open","ping_status":"open","sticky":false,"template":"","format":"standard","meta":[],"categories":[8],"tags":[],"_links":{"self":[{"href":"https:\/\/dgospel.com.br\/portal\/index.php\/wp-json\/wp\/v2\/posts\/14654"}],"collection":[{"href":"https:\/\/dgospel.com.br\/portal\/index.php\/wp-json\/wp\/v2\/posts"}],"about":[{"href":"https:\/\/dgospel.com.br\/portal\/index.php\/wp-json\/wp\/v2\/types\/post"}],"author":[{"embeddable":true,"href":"https:\/\/dgospel.com.br\/portal\/index.php\/wp-json\/wp\/v2\/users\/2"}],"replies":[{"embeddable":true,"href":"https:\/\/dgospel.com.br\/portal\/index.php\/wp-json\/wp\/v2\/comments?post=14654"}],"version-history":[{"count":1,"href":"https:\/\/dgospel.com.br\/portal\/index.php\/wp-json\/wp\/v2\/posts\/14654\/revisions"}],"predecessor-version":[{"id":14656,"href":"https:\/\/dgospel.com.br\/portal\/index.php\/wp-json\/wp\/v2\/posts\/14654\/revisions\/14656"}],"wp:featuredmedia":[{"embeddable":true,"href":"https:\/\/dgospel.com.br\/portal\/index.php\/wp-json\/wp\/v2\/media\/14655"}],"wp:attachment":[{"href":"https:\/\/dgospel.com.br\/portal\/index.php\/wp-json\/wp\/v2\/media?parent=14654"}],"wp:term":[{"taxonomy":"category","embeddable":true,"href":"https:\/\/dgospel.com.br\/portal\/index.php\/wp-json\/wp\/v2\/categories?post=14654"},{"taxonomy":"post_tag","embeddable":true,"href":"https:\/\/dgospel.com.br\/portal\/index.php\/wp-json\/wp\/v2\/tags?post=14654"}],"curies":[{"name":"wp","href":"https:\/\/api.w.org\/{rel}","templated":true}]}}