{"id":14657,"date":"2023-02-08T23:26:39","date_gmt":"2023-02-09T02:26:39","guid":{"rendered":"http:\/\/dgospel.com.br\/portal\/?p=14657"},"modified":"2023-02-08T23:26:40","modified_gmt":"2023-02-09T02:26:40","slug":"deputado-acusa-lula-de-furto-e-pede-contagem-das-emas","status":"publish","type":"post","link":"https:\/\/dgospel.com.br\/portal\/index.php\/2023\/02\/08\/deputado-acusa-lula-de-furto-e-pede-contagem-das-emas\/","title":{"rendered":"Deputado acusa Lula de furto e pede contagem das emas"},"content":{"rendered":"\n<p>Durante uma fala na C\u00e2mara dos Deputados, o deputado federal Alberto Fraga (PL-DF) recordou de not\u00edcias antigas de que, ao deixar o Pal\u00e1cio da Alvorada, Lula teria levado consigo alguns objetos que fazem parte do acervo da casa presidencial, acusando-o de furto.<\/p>\n\n\n\n<p>O assunto surgiu quando ele comentava a mudan\u00e7a de Lula e sua esposa, Janja, do hotel onde estavam hospedados desde o final do ano passado, para a resid\u00eancia oficial do presidente.<\/p>\n\n\n\n<p>\u2013 Eu li que, recentemente, o presidente Lula, dona Janja e dois cachorros gastaram mais de R$ 300 mil em um hotel. Est\u00e3o indo para o Pal\u00e1cio do Alvorada. E n\u00f3s j\u00e1 pedimos a contagem daquelas emas porque, na \u00faltima vez que o Lula passou por l\u00e1, levou at\u00e9 os pav\u00f5es que ocupavam o Pal\u00e1cio da Alvorada \u2013 ironizou o parlamentar.<\/p>\n\n\n\n<p>E continuou:<\/p>\n\n\n\n<p>\u2013 \u00c9 importante que a gente fique atento para que n\u00e3o haja esses furtos, como tamb\u00e9m aconteceram com os talheres da Presid\u00eancia da Rep\u00fablica \u2013 afirmou.<\/p>\n\n\n\n<p><strong>OBJETOS DESAPARECIDOS DA PRESID\u00caNCIA<\/strong><br>Em 2016, assim que Michel Temer assumiu, o Pal\u00e1cio do Planalto iniciou uma apura\u00e7\u00e3o para encontrar 712 itens registrados no acervo da Presid\u00eancia da Rep\u00fablica que teriam desaparecido durante os governos dos ex-presidentes petistas Lula e Dilma Rousseff. Peri\u00f3dicos como Veja e O Globo noticiaram sobre o assunto na \u00e9poca.<\/p>\n\n\n\n<p>Obras de arte, utens\u00edlios dom\u00e9sticos, pe\u00e7as de decora\u00e7\u00e3o, material de escrit\u00f3rio e computadores faziam parte da lista de objetos desaparecidos. Naquele mesmo ano, a Pol\u00edcia Federal encontrou 21 objetos em uma sala-cofre de uma ag\u00eancia do Banco do Brasil em S\u00e3o Paulo, no mesmo lugar onde Lula guarda seus bens.<\/p>\n\n\n\n<p>Alberto Fraga j\u00e1 era deputado federal naquela \u00e9poca e subiu na tribuna para dizer que Lula havia roubado sete pav\u00f5es do Alvorada para levar ao s\u00edtio de Atibaia.<\/p>\n","protected":false},"excerpt":{"rendered":"<p>Durante uma fala na C\u00e2mara dos Deputados, o deputado federal Alberto Fraga (PL-DF) recordou de not\u00edcias antigas de que, ao deixar o Pal\u00e1cio da Alvorada, Lula teria levado consigo alguns objetos que fazem parte do acervo da casa presidencial, acusando-o de furto. O assunto surgiu quando ele comentava a mudan\u00e7a de Lula e sua esposa, [&hellip;]<\/p>\n","protected":false},"author":2,"featured_media":14658,"comment_status":"open","ping_status":"open","sticky":false,"template":"","format":"standard","meta":[],"categories":[10],"tags":[],"_links":{"self":[{"href":"https:\/\/dgospel.com.br\/portal\/index.php\/wp-json\/wp\/v2\/posts\/14657"}],"collection":[{"href":"https:\/\/dgospel.com.br\/portal\/index.php\/wp-json\/wp\/v2\/posts"}],"about":[{"href":"https:\/\/dgospel.com.br\/portal\/index.php\/wp-json\/wp\/v2\/types\/post"}],"author":[{"embeddable":true,"href":"https:\/\/dgospel.com.br\/portal\/index.php\/wp-json\/wp\/v2\/users\/2"}],"replies":[{"embeddable":true,"href":"https:\/\/dgospel.com.br\/portal\/index.php\/wp-json\/wp\/v2\/comments?post=14657"}],"version-history":[{"count":1,"href":"https:\/\/dgospel.com.br\/portal\/index.php\/wp-json\/wp\/v2\/posts\/14657\/revisions"}],"predecessor-version":[{"id":14659,"href":"https:\/\/dgospel.com.br\/portal\/index.php\/wp-json\/wp\/v2\/posts\/14657\/revisions\/14659"}],"wp:featuredmedia":[{"embeddable":true,"href":"https:\/\/dgospel.com.br\/portal\/index.php\/wp-json\/wp\/v2\/media\/14658"}],"wp:attachment":[{"href":"https:\/\/dgospel.com.br\/portal\/index.php\/wp-json\/wp\/v2\/media?parent=14657"}],"wp:term":[{"taxonomy":"category","embeddable":true,"href":"https:\/\/dgospel.com.br\/portal\/index.php\/wp-json\/wp\/v2\/categories?post=14657"},{"taxonomy":"post_tag","embeddable":true,"href":"https:\/\/dgospel.com.br\/portal\/index.php\/wp-json\/wp\/v2\/tags?post=14657"}],"curies":[{"name":"wp","href":"https:\/\/api.w.org\/{rel}","templated":true}]}}