{"id":14660,"date":"2023-02-08T23:35:25","date_gmt":"2023-02-09T02:35:25","guid":{"rendered":"http:\/\/dgospel.com.br\/portal\/?p=14660"},"modified":"2023-02-08T23:49:10","modified_gmt":"2023-02-09T02:49:10","slug":"moro-podera-levar-lula-a-prisao-novamente-entenda","status":"publish","type":"post","link":"https:\/\/dgospel.com.br\/portal\/index.php\/2023\/02\/08\/moro-podera-levar-lula-a-prisao-novamente-entenda\/","title":{"rendered":"Moro poder\u00e1 levar Lula \u00e0 pris\u00e3o novamente. Entenda"},"content":{"rendered":"\n<p>Nesta&nbsp;quarta-feira&nbsp;(8),&nbsp;o&nbsp;senador&nbsp;Sergio&nbsp;Moro&nbsp;apresentou&nbsp;um&nbsp;requerimento solicitando<\/p>\n\n\n\n<p>\u00a0o\u00a0desarquivamento\u00a0do\u00a0projeto\u00a0de\u00a0lei\u00a0166\/2018,\u00a0que\u00a0discute\u00a0sobre\u00a0a\u00a0pris\u00e3o\u00a0em\u00a0segunda\u00a0<\/p>\n\n\n\n<p>inst\u00e2ncia.\u00a0Parte\u00a0do\u00a0pacote\u00a0anticrime\u00a0do\u00a0ex-ministro\u00a0da\u00a0Justi\u00e7a\u00a0de\u00a0Jair\u00a0Bolsonaro,\u00a0<\/p>\n\n\n\n<p>a\u00a0proposta\u00a0n\u00e3o\u00a0foi\u00a0examinada\u00a0e,\u00a0portanto,\u00a0precisa\u00a0de\u00a0um\u00a0ter\u00e7o\u00a0do\u00a0voto\u00a0do\u00a0Senado<\/p>\n\n\n\n<p>\u00a0para\u00a0ser\u00a0desarquivada.<\/p>\n\n\n\n<p>Em\u00a0recente\u00a0entrevista\u00a0\u00e0\u00a0TV\u00a0Senado,\u00a0Moro\u00a0destacou\u00a0como\u00a0prioridades\u00a0de\u00a0seu<\/p>\n\n\n\n<p>\u00a0mandato\u00a0aprovar\u00a0a\u00a0pris\u00e3o\u00a0em\u00a0segunda\u00a0inst\u00e2ncia,\u00a0eliminar\u00a0o\u00a0foro\u00a0privilegiado\u00a0<\/p>\n\n\n\n<p>e\u00a0garantir\u00a0autonomia\u00a0para\u00a0\u00f3rg\u00e3os\u00a0respons\u00e1veis\u00a0por\u00a0combater\u00a0o\u00a0crime,\u00a0como\u00a0<\/p>\n\n\n\n<p>a\u00a0Pol\u00edcia\u00a0Federal.<\/p>\n\n\n\n<p>Se aprovado, Moro poder\u00e1 levar o presidente da Rep\u00fablica Lula (PT) para a <\/p>\n\n\n\n<p>pris\u00e3o, novamente.<\/p>\n","protected":false},"excerpt":{"rendered":"<p>Nesta&nbsp;quarta-feira&nbsp;(8),&nbsp;o&nbsp;senador&nbsp;Sergio&nbsp;Moro&nbsp;apresentou&nbsp;um&nbsp;requerimento solicitando \u00a0o\u00a0desarquivamento\u00a0do\u00a0projeto\u00a0de\u00a0lei\u00a0166\/2018,\u00a0que\u00a0discute\u00a0sobre\u00a0a\u00a0pris\u00e3o\u00a0em\u00a0segunda\u00a0 inst\u00e2ncia.\u00a0Parte\u00a0do\u00a0pacote\u00a0anticrime\u00a0do\u00a0ex-ministro\u00a0da\u00a0Justi\u00e7a\u00a0de\u00a0Jair\u00a0Bolsonaro,\u00a0 a\u00a0proposta\u00a0n\u00e3o\u00a0foi\u00a0examinada\u00a0e,\u00a0portanto,\u00a0precisa\u00a0de\u00a0um\u00a0ter\u00e7o\u00a0do\u00a0voto\u00a0do\u00a0Senado \u00a0para\u00a0ser\u00a0desarquivada. Em\u00a0recente\u00a0entrevista\u00a0\u00e0\u00a0TV\u00a0Senado,\u00a0Moro\u00a0destacou\u00a0como\u00a0prioridades\u00a0de\u00a0seu \u00a0mandato\u00a0aprovar\u00a0a\u00a0pris\u00e3o\u00a0em\u00a0segunda\u00a0inst\u00e2ncia,\u00a0eliminar\u00a0o\u00a0foro\u00a0privilegiado\u00a0 e\u00a0garantir\u00a0autonomia\u00a0para\u00a0\u00f3rg\u00e3os\u00a0respons\u00e1veis\u00a0por\u00a0combater\u00a0o\u00a0crime,\u00a0como\u00a0 a\u00a0Pol\u00edcia\u00a0Federal. Se aprovado, Moro poder\u00e1 levar o presidente da Rep\u00fablica Lula (PT) para a pris\u00e3o, novamente.<\/p>\n","protected":false},"author":2,"featured_media":14661,"comment_status":"open","ping_status":"open","sticky":false,"template":"","format":"standard","meta":[],"categories":[8],"tags":[],"_links":{"self":[{"href":"https:\/\/dgospel.com.br\/portal\/index.php\/wp-json\/wp\/v2\/posts\/14660"}],"collection":[{"href":"https:\/\/dgospel.com.br\/portal\/index.php\/wp-json\/wp\/v2\/posts"}],"about":[{"href":"https:\/\/dgospel.com.br\/portal\/index.php\/wp-json\/wp\/v2\/types\/post"}],"author":[{"embeddable":true,"href":"https:\/\/dgospel.com.br\/portal\/index.php\/wp-json\/wp\/v2\/users\/2"}],"replies":[{"embeddable":true,"href":"https:\/\/dgospel.com.br\/portal\/index.php\/wp-json\/wp\/v2\/comments?post=14660"}],"version-history":[{"count":2,"href":"https:\/\/dgospel.com.br\/portal\/index.php\/wp-json\/wp\/v2\/posts\/14660\/revisions"}],"predecessor-version":[{"id":14667,"href":"https:\/\/dgospel.com.br\/portal\/index.php\/wp-json\/wp\/v2\/posts\/14660\/revisions\/14667"}],"wp:featuredmedia":[{"embeddable":true,"href":"https:\/\/dgospel.com.br\/portal\/index.php\/wp-json\/wp\/v2\/media\/14661"}],"wp:attachment":[{"href":"https:\/\/dgospel.com.br\/portal\/index.php\/wp-json\/wp\/v2\/media?parent=14660"}],"wp:term":[{"taxonomy":"category","embeddable":true,"href":"https:\/\/dgospel.com.br\/portal\/index.php\/wp-json\/wp\/v2\/categories?post=14660"},{"taxonomy":"post_tag","embeddable":true,"href":"https:\/\/dgospel.com.br\/portal\/index.php\/wp-json\/wp\/v2\/tags?post=14660"}],"curies":[{"name":"wp","href":"https:\/\/api.w.org\/{rel}","templated":true}]}}