{"id":14668,"date":"2023-02-08T23:58:03","date_gmt":"2023-02-09T02:58:03","guid":{"rendered":"http:\/\/dgospel.com.br\/portal\/?p=14668"},"modified":"2023-02-08T23:58:04","modified_gmt":"2023-02-09T02:58:04","slug":"moro-defende-mandato-de-12-anos-para-ministros-do-stf","status":"publish","type":"post","link":"https:\/\/dgospel.com.br\/portal\/index.php\/2023\/02\/08\/moro-defende-mandato-de-12-anos-para-ministros-do-stf\/","title":{"rendered":"Moro defende mandato de 12 anos para ministros do STF"},"content":{"rendered":"\n<p>O senador Sergio Moro (Uni\u00e3o Brasil-PR) sugeriu uma reforma no Supremo Tribunal Federal (STF), que inclui um mandato de 12 anos para os ministros da Corte. As declara\u00e7\u00f5es foram dadas em entrevista ao&nbsp;<em>Morning Show<\/em>, da Jovem Pan, nesta ter\u00e7a-feira (7).<\/p>\n\n\n\n<p>Para o ex-juiz, a reforma diminuiria o peso das chamadas decis\u00f5es monocr\u00e1ticas.<\/p>\n\n\n\n<p>\u2013 Algo que tenho defendido \u00e9 uma reforma no Judici\u00e1rio que diminua o peso das decis\u00f5es monocr\u00e1ticas, individuais, dentro do STF. N\u00f3s tamb\u00e9m defendemos um mandato para os ministros do Supremo, n\u00e3o renov\u00e1veis. Defendo um mandato de 12 anos para o ministro que entrar, para que n\u00f3s possamos buscar uma normalidade institucional dentro do Parlamento \u2013 declarou.<\/p>\n\n\n\n<p>Al\u00e9m disso, Moro, rec\u00e9m-empossado senador, defende tamb\u00e9m que o Senado assuma um \u201cpapel de protagonismo\u201d.<\/p>\n\n\n\n<p>\u2013 Temos que tomar isso com bastante cuidado. Quem foi preso na Lava Jato era quem roubou o dinheiro p\u00fablico; todo corrupto, portanto, \u00e9 um ladr\u00e3o. Agora, defendo particularmente que o Senado tem que assumir um papel de protagonismo; o Judici\u00e1rio em um papel mais limitado. Dentro de uma democracia, quem tem que ser mais cobrado s\u00e3o os representantes eleitos. Espero que a gente retome um cen\u00e1rio de normalidade institucional \u2013 acrescentou.<\/p>\n\n\n\n<p>Atualmente, aposentadoria no STF \u00e9 compuls\u00f3ria aos 75 anos. Em 2023, deixam a Corte os ministros Ricardo Lewandowski, em maio, e Rosa Weber, em outubro.<\/p>\n","protected":false},"excerpt":{"rendered":"<p>O senador Sergio Moro (Uni\u00e3o Brasil-PR) sugeriu uma reforma no Supremo Tribunal Federal (STF), que inclui um mandato de 12 anos para os ministros da Corte. As declara\u00e7\u00f5es foram dadas em entrevista ao&nbsp;Morning Show, da Jovem Pan, nesta ter\u00e7a-feira (7). Para o ex-juiz, a reforma diminuiria o peso das chamadas decis\u00f5es monocr\u00e1ticas. \u2013 Algo que [&hellip;]<\/p>\n","protected":false},"author":2,"featured_media":14669,"comment_status":"open","ping_status":"open","sticky":false,"template":"","format":"standard","meta":[],"categories":[8],"tags":[13],"_links":{"self":[{"href":"https:\/\/dgospel.com.br\/portal\/index.php\/wp-json\/wp\/v2\/posts\/14668"}],"collection":[{"href":"https:\/\/dgospel.com.br\/portal\/index.php\/wp-json\/wp\/v2\/posts"}],"about":[{"href":"https:\/\/dgospel.com.br\/portal\/index.php\/wp-json\/wp\/v2\/types\/post"}],"author":[{"embeddable":true,"href":"https:\/\/dgospel.com.br\/portal\/index.php\/wp-json\/wp\/v2\/users\/2"}],"replies":[{"embeddable":true,"href":"https:\/\/dgospel.com.br\/portal\/index.php\/wp-json\/wp\/v2\/comments?post=14668"}],"version-history":[{"count":1,"href":"https:\/\/dgospel.com.br\/portal\/index.php\/wp-json\/wp\/v2\/posts\/14668\/revisions"}],"predecessor-version":[{"id":14670,"href":"https:\/\/dgospel.com.br\/portal\/index.php\/wp-json\/wp\/v2\/posts\/14668\/revisions\/14670"}],"wp:featuredmedia":[{"embeddable":true,"href":"https:\/\/dgospel.com.br\/portal\/index.php\/wp-json\/wp\/v2\/media\/14669"}],"wp:attachment":[{"href":"https:\/\/dgospel.com.br\/portal\/index.php\/wp-json\/wp\/v2\/media?parent=14668"}],"wp:term":[{"taxonomy":"category","embeddable":true,"href":"https:\/\/dgospel.com.br\/portal\/index.php\/wp-json\/wp\/v2\/categories?post=14668"},{"taxonomy":"post_tag","embeddable":true,"href":"https:\/\/dgospel.com.br\/portal\/index.php\/wp-json\/wp\/v2\/tags?post=14668"}],"curies":[{"name":"wp","href":"https:\/\/api.w.org\/{rel}","templated":true}]}}