{"id":14671,"date":"2023-02-09T11:04:59","date_gmt":"2023-02-09T14:04:59","guid":{"rendered":"http:\/\/dgospel.com.br\/portal\/?p=14671"},"modified":"2023-02-09T11:05:00","modified_gmt":"2023-02-09T14:05:00","slug":"governador-wanderlei-barbosa-lamenta-falecimento-do-ex-prefeito-de-brasilandia-joao-emidio-felipe-de-miranda","status":"publish","type":"post","link":"https:\/\/dgospel.com.br\/portal\/index.php\/2023\/02\/09\/governador-wanderlei-barbosa-lamenta-falecimento-do-ex-prefeito-de-brasilandia-joao-emidio-felipe-de-miranda\/","title":{"rendered":"Governador Wanderlei Barbosa lamenta falecimento do ex-prefeito de Brasil\u00e2ndia Jo\u00e3o Em\u00eddio Felipe de Miranda"},"content":{"rendered":"\n<p>O governador do Tocantins, Wanderlei Barbosa, lamenta profundamente o falecimento do ex-prefeito de Brasil\u00e2ndia Jo\u00e3o Em\u00eddio Felipe de Miranda, ocorrido nesta quarta-feira, 8.<\/p>\n\n\n\n<p>Jo\u00e3o Em\u00eddio, tocantinense de Tupiratins, deixa um brilhante legado como cidad\u00e3o e pol\u00edtico, de dedica\u00e7\u00e3o da sua vida em benef\u00edcio do pr\u00f3ximo, de sua regi\u00e3o e de todo o Tocantins. At\u00e9 ent\u00e3o, ocupava o cargo de assessor especial do Gabinete do Governador.<\/p>\n\n\n\n<p>Agr\u00f4nomo por forma\u00e7\u00e3o, Jo\u00e3o Em\u00eddio foi pol\u00edtico atuante \u00e0 frente de gest\u00f5es do munic\u00edpio de Brasil\u00e2ndia por cinco mandatos, quatro como prefeito e um como vice. Tamb\u00e9m foi presidente da Associa\u00e7\u00e3o Tocantinense de Munic\u00edpios (ATM) de 2015 a 2017. Exemplo de gestor, foi tr\u00eas vezes premiado nacionalmente pelas experi\u00eancias exitosas na gest\u00e3o da merenda escolar e por duas vezes recebeu o Selo Unicef Munic\u00edpio Aprovado, em 2013 e 2016, em reconhecimento \u00e0s a\u00e7\u00f5es que culminaram na melhoria de indicadores nas \u00e1reas de sa\u00fade, educa\u00e7\u00e3o, esporte e cidadania. Fica, al\u00e9m da saudade, o exemplo de homem p\u00fablico comprometido com sua cidade, sua regi\u00e3o e com todo o estado do Tocantins.<\/p>\n\n\n\n<p>Jo\u00e3o Em\u00eddio Felipe de Miranda tinha 62 anos e deixa tr\u00eas filhos e uma neta, para quem o governador Wanderlei Barbosa deseja que nosso Deus eterno se fa\u00e7a presente em seus cora\u00e7\u00f5es neste momento&nbsp;de&nbsp;luto.<\/p>\n","protected":false},"excerpt":{"rendered":"<p>O governador do Tocantins, Wanderlei Barbosa, lamenta profundamente o falecimento do ex-prefeito de Brasil\u00e2ndia Jo\u00e3o Em\u00eddio Felipe de Miranda, ocorrido nesta quarta-feira, 8. Jo\u00e3o Em\u00eddio, tocantinense de Tupiratins, deixa um brilhante legado como cidad\u00e3o e pol\u00edtico, de dedica\u00e7\u00e3o da sua vida em benef\u00edcio do pr\u00f3ximo, de sua regi\u00e3o e de todo o Tocantins. At\u00e9 ent\u00e3o, [&hellip;]<\/p>\n","protected":false},"author":2,"featured_media":14672,"comment_status":"open","ping_status":"open","sticky":false,"template":"","format":"standard","meta":[],"categories":[3],"tags":[13],"_links":{"self":[{"href":"https:\/\/dgospel.com.br\/portal\/index.php\/wp-json\/wp\/v2\/posts\/14671"}],"collection":[{"href":"https:\/\/dgospel.com.br\/portal\/index.php\/wp-json\/wp\/v2\/posts"}],"about":[{"href":"https:\/\/dgospel.com.br\/portal\/index.php\/wp-json\/wp\/v2\/types\/post"}],"author":[{"embeddable":true,"href":"https:\/\/dgospel.com.br\/portal\/index.php\/wp-json\/wp\/v2\/users\/2"}],"replies":[{"embeddable":true,"href":"https:\/\/dgospel.com.br\/portal\/index.php\/wp-json\/wp\/v2\/comments?post=14671"}],"version-history":[{"count":1,"href":"https:\/\/dgospel.com.br\/portal\/index.php\/wp-json\/wp\/v2\/posts\/14671\/revisions"}],"predecessor-version":[{"id":14673,"href":"https:\/\/dgospel.com.br\/portal\/index.php\/wp-json\/wp\/v2\/posts\/14671\/revisions\/14673"}],"wp:featuredmedia":[{"embeddable":true,"href":"https:\/\/dgospel.com.br\/portal\/index.php\/wp-json\/wp\/v2\/media\/14672"}],"wp:attachment":[{"href":"https:\/\/dgospel.com.br\/portal\/index.php\/wp-json\/wp\/v2\/media?parent=14671"}],"wp:term":[{"taxonomy":"category","embeddable":true,"href":"https:\/\/dgospel.com.br\/portal\/index.php\/wp-json\/wp\/v2\/categories?post=14671"},{"taxonomy":"post_tag","embeddable":true,"href":"https:\/\/dgospel.com.br\/portal\/index.php\/wp-json\/wp\/v2\/tags?post=14671"}],"curies":[{"name":"wp","href":"https:\/\/api.w.org\/{rel}","templated":true}]}}