{"id":14674,"date":"2023-02-09T11:08:00","date_gmt":"2023-02-09T14:08:00","guid":{"rendered":"http:\/\/dgospel.com.br\/portal\/?p=14674"},"modified":"2023-02-09T11:08:02","modified_gmt":"2023-02-09T14:08:02","slug":"governo-do-tocantins-inaugura-nova-unidade-psiquiatrica-no-hgp","status":"publish","type":"post","link":"https:\/\/dgospel.com.br\/portal\/index.php\/2023\/02\/09\/governo-do-tocantins-inaugura-nova-unidade-psiquiatrica-no-hgp\/","title":{"rendered":"Governo do Tocantins inaugura nova unidade psiqui\u00e1trica no HGP"},"content":{"rendered":"\n<p>Com intuito de oferecer mais conforto e melhor assist\u00eancia aos pacientes, o Governo do Tocantins, por meio da Secretaria da Sa\u00fade (SES-TO), entregou nessa quarta-feira, 8, a nova unidade psiqui\u00e1trica do Hospital Geral de Palmas (HGP). A cerim\u00f4nia foi marcada com muita emo\u00e7\u00e3o e a unidade leva o nome do Dr. Em\u00edlio Fernandes Vasques J\u00fanior, uma homenagem ao m\u00e9dico que atuava no hospital e faleceu em setembro de 2020.<\/p>\n\n\n\n<p>Profissional aposentado, Em\u00edlio atuou no servi\u00e7o de psiquiatria do Hospital Geral de Palmas e contribuiu com a assist\u00eancia aos usu\u00e1rios do Sistema \u00danico de Sa\u00fade (SUS) do Estado. Durante a cerim\u00f4nia, o diretor-geral do HGP, Leonardo Toledo, entregou \u00e0 vi\u00fava do m\u00e9dico, Haidee Campitelli Vasques, uma placa alusiva \u00e0 contribui\u00e7\u00e3o significativa do profissional \u00e0 sa\u00fade p\u00fablica do Estado. \u201cAgradecemos pelo reconhecimento ao trabalho do meu pai. Ele atuou com dedica\u00e7\u00e3o aos pacientes desde o antigo hospital, na arse 51, e depois aqui no HGP\u201d, ressaltou emocionada a filha do homenageado, Camila Campitelli.<\/p>\n\n\n\n<p>A superintendente de Unidades Hospitalares Pr\u00f3prias da SES-TO, Elaine Sanches,&nbsp;destacou que o servi\u00e7o vem acolher a necessidade dos pacientes de uma maneira digna, organizada, estruturada para ofertar uma melhor assist\u00eancia. &#8220;\u00c9 uma honra para n\u00f3s dar o nome para esta unidade de um profissional que dedicou a sua vida a esta causa que \u00e9 cuidar dos pacientes. O Dr. Em\u00edlio foi e n\u00e3o deixar\u00e1 de ser&nbsp;um profissional diferenciado, refer\u00eancia nesta \u00e1rea de psiquiatria. \u00c9 um reconhecimento do trabalho dele&nbsp; prestado \u00e0 nossa popula\u00e7\u00e3o\u201d.<\/p>\n\n\n\n<p>\u201c\u00c9 uma satisfa\u00e7\u00e3o inaugurar esta unidade psiqui\u00e1trica, que garantir\u00e1 melhor assist\u00eancia aos pacientes que precisam de uma estrutura espec\u00edfica para seu tratamento e al\u00e9m disso&nbsp; homenagear Dr Em\u00edlio, um m\u00e9dico que fez diferen\u00e7a na assist\u00eancia aos usu\u00e1rios\u201d, afirmou o diretor-geral do HGP, Leonardo Toledo.<\/p>\n\n\n\n<p>De acordo com a coordenadora de enfermagem da Unidade de Psiquiatria, Milene de Oliveira&nbsp; Cardoso, a amplia\u00e7\u00e3o do setor de interna\u00e7\u00e3o representa um grande e novo marco na hist\u00f3ria do HGP. &#8220;H\u00e1 muitos anos estamos aguardando isso. Com o aumento do n\u00famero de leitos poderemos atender mais pacientes prestando uma assist\u00eancia de mais qualidade com a separa\u00e7\u00e3o das alas em masculina e feminina. Nossa demanda atualmente \u00e9 bastante significativa e vem aumentando gradativamente\u201d, afirmou.<\/p>\n\n\n\n<p><strong>Participantes<\/strong><\/p>\n\n\n\n<p>Estiveram na cerim\u00f4nia de inaugura\u00e7\u00e3o a superintendente de Pol\u00edticas de Aten\u00e7\u00e3o \u00e0 Sa\u00fade, Juliana Veloso; o superintendente de Gest\u00e3o Profissional e Educa\u00e7\u00e3o na Sa\u00fade, Carlos Felinto J\u00fanior; a superintendente de Gest\u00e3o Administrativa, Lisiara Carla Gemelli Vieczorek; o diretor de Servi\u00e7os Administrativo Gerais, Ullannes Passos Rios; a diretora de Arquitetura e Engenharia dos Estabelecimentos de Sa\u00fade, La\u00eds Regina Rodrigues dos Santos; a arquiteta Fernanda Faria Macedo Borges; &nbsp;a coordenadora de Enfermagem da Unidade de Psiquiatria, Milene de Oliveira&nbsp;Cardoso; o coordenador m\u00e9dico da Unidade de Psiquiatria, Wordney Carvalho Camar\u00e7o, entre outros servidores do HGP.<\/p>\n\n\n\n<p><strong>Entrega de certificado<\/strong><\/p>\n\n\n\n<p>No evento houve entrega de certificado de reconhecimento \u00e0 enfermeira aposentada Mara Leny Couto Ledesma, pela dedica\u00e7\u00e3o e empenho em garantir assist\u00eancia de qualidade aos pacientes da psiquiatria durante o tempo em que trabalhou na unidade.<\/p>\n\n\n\n<p><strong>Estrutura<\/strong><\/p>\n\n\n\n<p>O espa\u00e7o conta com uma ala masculina com 12 leitos e uma ala feminina com 10 leitos; ambas com uma copa para os pacientes. Cada enfermaria disp\u00f5e de ambiente climatizado, um banheiro e dois leitos, al\u00e9m de duas poltronas. O setor conta com repouso e copa para os servidores, um consult\u00f3rio m\u00e9dico, carrinho de emerg\u00eancia e posto de enfermagem.<\/p>\n\n\n\n<p><img src=\"https:\/\/central.to.gov.br\/image\/318395?w=670&amp;h=383\"><\/p>\n\n\n\n<p>Mara Leny Couto Ledesma foi homenageada pelo tempo de dedica\u00e7\u00e3o ao SUS tocantinense &#8211; Andre Araujo\/Governo do Tocantins.<\/p>\n\n\n\n<p><img src=\"https:\/\/central.to.gov.br\/image\/318394?w=670&amp;h=383\"><\/p>\n\n\n\n<p>Durante a cerim\u00f4nia, o diretor-geral do HGP, Leonardo Toledo, entregou \u00e0 vi\u00fava do m\u00e9dico, Haidee Campitelli Vasques, uma placa alusiva \u00e0 contribui\u00e7\u00e3o significativa do profissional \u00e0 sa\u00fade p\u00fablica do Estado &#8211; Andre Araujo\/Governo do Tocantins<\/p>\n","protected":false},"excerpt":{"rendered":"<p>Com intuito de oferecer mais conforto e melhor assist\u00eancia aos pacientes, o Governo do Tocantins, por meio da Secretaria da Sa\u00fade (SES-TO), entregou nessa quarta-feira, 8, a nova unidade psiqui\u00e1trica do Hospital Geral de Palmas (HGP). A cerim\u00f4nia foi marcada com muita emo\u00e7\u00e3o e a unidade leva o nome do Dr. Em\u00edlio Fernandes Vasques J\u00fanior, [&hellip;]<\/p>\n","protected":false},"author":2,"featured_media":14675,"comment_status":"open","ping_status":"open","sticky":false,"template":"","format":"standard","meta":[],"categories":[3],"tags":[13],"_links":{"self":[{"href":"https:\/\/dgospel.com.br\/portal\/index.php\/wp-json\/wp\/v2\/posts\/14674"}],"collection":[{"href":"https:\/\/dgospel.com.br\/portal\/index.php\/wp-json\/wp\/v2\/posts"}],"about":[{"href":"https:\/\/dgospel.com.br\/portal\/index.php\/wp-json\/wp\/v2\/types\/post"}],"author":[{"embeddable":true,"href":"https:\/\/dgospel.com.br\/portal\/index.php\/wp-json\/wp\/v2\/users\/2"}],"replies":[{"embeddable":true,"href":"https:\/\/dgospel.com.br\/portal\/index.php\/wp-json\/wp\/v2\/comments?post=14674"}],"version-history":[{"count":1,"href":"https:\/\/dgospel.com.br\/portal\/index.php\/wp-json\/wp\/v2\/posts\/14674\/revisions"}],"predecessor-version":[{"id":14676,"href":"https:\/\/dgospel.com.br\/portal\/index.php\/wp-json\/wp\/v2\/posts\/14674\/revisions\/14676"}],"wp:featuredmedia":[{"embeddable":true,"href":"https:\/\/dgospel.com.br\/portal\/index.php\/wp-json\/wp\/v2\/media\/14675"}],"wp:attachment":[{"href":"https:\/\/dgospel.com.br\/portal\/index.php\/wp-json\/wp\/v2\/media?parent=14674"}],"wp:term":[{"taxonomy":"category","embeddable":true,"href":"https:\/\/dgospel.com.br\/portal\/index.php\/wp-json\/wp\/v2\/categories?post=14674"},{"taxonomy":"post_tag","embeddable":true,"href":"https:\/\/dgospel.com.br\/portal\/index.php\/wp-json\/wp\/v2\/tags?post=14674"}],"curies":[{"name":"wp","href":"https:\/\/api.w.org\/{rel}","templated":true}]}}