{"id":14677,"date":"2023-02-09T11:11:19","date_gmt":"2023-02-09T14:11:19","guid":{"rendered":"http:\/\/dgospel.com.br\/portal\/?p=14677"},"modified":"2023-02-09T11:11:20","modified_gmt":"2023-02-09T14:11:20","slug":"em-continuidade-a-reforma-administrativa-governo-do-tocantins-exonera-secretarios-executivos","status":"publish","type":"post","link":"https:\/\/dgospel.com.br\/portal\/index.php\/2023\/02\/09\/em-continuidade-a-reforma-administrativa-governo-do-tocantins-exonera-secretarios-executivos\/","title":{"rendered":"Em continuidade \u00e0 reforma administrativa, Governo do Tocantins exonera secret\u00e1rios executivos"},"content":{"rendered":"\n<p>O Governo do Tocantins, em sequ\u00eancia \u00e0 reestrutura\u00e7\u00e3o administrativa, publicou no Di\u00e1rio Oficial do Estado (DOE) desta quarta-feira, 8, a exonera\u00e7\u00e3o de todos os secret\u00e1rios executivos da administra\u00e7\u00e3o direta.<\/p>\n\n\n\n<p>Outra medida, tamb\u00e9m publicada no DOE, \u00e9 a ocupa\u00e7\u00e3o interina das gest\u00f5es das pastas que ainda est\u00e3o sem titular, por dirigentes de outras pastas, que acumular\u00e3o as fun\u00e7\u00f5es. O objetivo \u00e9 garantir o funcionamento das pastas e a continuidade da presta\u00e7\u00e3o de servi\u00e7os \u00e0 popula\u00e7\u00e3o tocantinense, neste per\u00edodo de reforma administrativa.<\/p>\n\n\n\n<p>S\u00e3o eles:<\/p>\n\n\n\n<ul><li>J\u00falio Edstron, secret\u00e1rio da Fazenda, que passa a responder tamb\u00e9m pela Secretaria do Trabalho e A\u00e7\u00e3o Social;<\/li><li>Kledson Moura, Procurador Geral do Estado, que passa a responder cumulativamente pela Controladoria Geral do Estado;<\/li><li>Sergislei Moura, secret\u00e1rio do Planejamento, que responde cumulativamente por mais duas secretarias: a de Ind\u00fastria, Com\u00e9rcio e Servi\u00e7os e a Secretaria de Meio Ambiente e Recursos H\u00eddricos;<\/li><li>Paulo C\u00e9sar Benfica, secret\u00e1rio da Administra\u00e7\u00e3o, que passa a responder tamb\u00e9m pela secretaria do Esporte e Juventude.<\/li><\/ul>\n\n\n\n<p><strong>Retorno<\/strong><\/p>\n\n\n\n<p>Para a secretaria da Cultura e Turismo, o Governo do Tocantins reconduziu ao cargo o secret\u00e1rio\u00a0Hercy\u00a0Filho.<\/p>\n","protected":false},"excerpt":{"rendered":"<p>O Governo do Tocantins, em sequ\u00eancia \u00e0 reestrutura\u00e7\u00e3o administrativa, publicou no Di\u00e1rio Oficial do Estado (DOE) desta quarta-feira, 8, a exonera\u00e7\u00e3o de todos os secret\u00e1rios executivos da administra\u00e7\u00e3o direta. Outra medida, tamb\u00e9m publicada no DOE, \u00e9 a ocupa\u00e7\u00e3o interina das gest\u00f5es das pastas que ainda est\u00e3o sem titular, por dirigentes de outras pastas, que acumular\u00e3o [&hellip;]<\/p>\n","protected":false},"author":2,"featured_media":14678,"comment_status":"open","ping_status":"open","sticky":false,"template":"","format":"standard","meta":[],"categories":[3],"tags":[13],"_links":{"self":[{"href":"https:\/\/dgospel.com.br\/portal\/index.php\/wp-json\/wp\/v2\/posts\/14677"}],"collection":[{"href":"https:\/\/dgospel.com.br\/portal\/index.php\/wp-json\/wp\/v2\/posts"}],"about":[{"href":"https:\/\/dgospel.com.br\/portal\/index.php\/wp-json\/wp\/v2\/types\/post"}],"author":[{"embeddable":true,"href":"https:\/\/dgospel.com.br\/portal\/index.php\/wp-json\/wp\/v2\/users\/2"}],"replies":[{"embeddable":true,"href":"https:\/\/dgospel.com.br\/portal\/index.php\/wp-json\/wp\/v2\/comments?post=14677"}],"version-history":[{"count":1,"href":"https:\/\/dgospel.com.br\/portal\/index.php\/wp-json\/wp\/v2\/posts\/14677\/revisions"}],"predecessor-version":[{"id":14679,"href":"https:\/\/dgospel.com.br\/portal\/index.php\/wp-json\/wp\/v2\/posts\/14677\/revisions\/14679"}],"wp:featuredmedia":[{"embeddable":true,"href":"https:\/\/dgospel.com.br\/portal\/index.php\/wp-json\/wp\/v2\/media\/14678"}],"wp:attachment":[{"href":"https:\/\/dgospel.com.br\/portal\/index.php\/wp-json\/wp\/v2\/media?parent=14677"}],"wp:term":[{"taxonomy":"category","embeddable":true,"href":"https:\/\/dgospel.com.br\/portal\/index.php\/wp-json\/wp\/v2\/categories?post=14677"},{"taxonomy":"post_tag","embeddable":true,"href":"https:\/\/dgospel.com.br\/portal\/index.php\/wp-json\/wp\/v2\/tags?post=14677"}],"curies":[{"name":"wp","href":"https:\/\/api.w.org\/{rel}","templated":true}]}}