{"id":14683,"date":"2023-02-09T11:20:39","date_gmt":"2023-02-09T14:20:39","guid":{"rendered":"http:\/\/dgospel.com.br\/portal\/?p=14683"},"modified":"2023-02-09T11:20:40","modified_gmt":"2023-02-09T14:20:40","slug":"celina-governo-federal-tambem-falhou-em-8-de-janeiro","status":"publish","type":"post","link":"https:\/\/dgospel.com.br\/portal\/index.php\/2023\/02\/09\/celina-governo-federal-tambem-falhou-em-8-de-janeiro\/","title":{"rendered":"Celina: Governo federal tamb\u00e9m falhou em 8 de janeiro"},"content":{"rendered":"\n<p>A governadora em exerc\u00edcio do Distrito Federal, Celina Le\u00e3o, afirmou que tamb\u00e9m houve erros na \u00e1rea de seguran\u00e7a e intelig\u00eancia no governo Lula da Silva, em rela\u00e7\u00e3o aos atos do dia 8 de janeiro. As informa\u00e7\u00f5es s\u00e3o da Folha de S. Paulo.<\/p>\n\n\n\n<p>\u2013 Todo o \u00f4nus veio para n\u00f3s [do DF]. [Mas] voc\u00ea tem falhas no GSI [Gabinete de Seguran\u00e7a Institucional] do pal\u00e1cio [do Planalto]. Voc\u00ea tem falhas em v\u00e1rios locais. Falhas da pr\u00f3pria intelig\u00eancia de outros Poderes, entendeu? Ent\u00e3o n\u00e3o aconteceu s\u00f3 conosco, aconteceu de forma generalizada. Mas quem foi mais penalizado com certeza foi o governo do DF \u2013 disse a governadora em exerc\u00edcio.<\/p>\n\n\n\n<p>E acrescentou:<\/p>\n\n\n\n<p>\u2013 O Pal\u00e1cio do Planalto dispensou todo mundo. As portas [foram] abertas. Isso n\u00e3o \u00e9 responsabilidade da Pol\u00edcia Militar. Mesmo com todo o vandalismo e a quebradeira que aconteceu, foi a Pol\u00edcia Militar que restituiu os Poderes. Eu fiquei com 51 homens feridos. N\u00e3o foi o Ex\u00e9rcito que restituiu. Foi a Pol\u00edcia Militar do DF, com toda a dificuldade, com todo o apag\u00e3o que aconteceu na seguran\u00e7a p\u00fablica. Essa tentativa de quebrar patrim\u00f4nio, n\u00e3o vai quebrar as institui\u00e7\u00f5es. Elas est\u00e3o de p\u00e9.<\/p>\n\n\n\n<p>Le\u00e3o tamb\u00e9m defendeu o governador afastado do Distrito Federal, Ibaneis Rocha (MDB).<\/p>\n\n\n\n<p>\u2013 Ele foi mal informado durante todo o processo que estava acontecendo.<\/p>\n\n\n\n<p>Questionada se \u00e9 a favor de uma Comiss\u00e3o Parlamentar de Inqu\u00e9rito (CPI) sobre os atos de 8 de janeiro, ela disse n\u00e3o se atrever a falar em CPI.<\/p>\n\n\n\n<p>\u2013 Eu n\u00e3o me atrevo falar sobre CPI. CPI \u00e9 assunto interna corporis da C\u00e2mara Distrital e do Congresso. Eu n\u00e3o tenho que falar se eu sou favor\u00e1vel ou se eu sou contr\u00e1ria \u00e0 CPI. CPI sempre \u00e9 uma comiss\u00e3o pol\u00edtica. Ela n\u00e3o \u00e9 uma comiss\u00e3o que d\u00e1 o direito ao contradit\u00f3rio, tudo como acontece no Judici\u00e1rio.<\/p>\n","protected":false},"excerpt":{"rendered":"<p>A governadora em exerc\u00edcio do Distrito Federal, Celina Le\u00e3o, afirmou que tamb\u00e9m houve erros na \u00e1rea de seguran\u00e7a e intelig\u00eancia no governo Lula da Silva, em rela\u00e7\u00e3o aos atos do dia 8 de janeiro. As informa\u00e7\u00f5es s\u00e3o da Folha de S. Paulo. \u2013 Todo o \u00f4nus veio para n\u00f3s [do DF]. [Mas] voc\u00ea tem falhas [&hellip;]<\/p>\n","protected":false},"author":2,"featured_media":14684,"comment_status":"open","ping_status":"open","sticky":false,"template":"","format":"standard","meta":[],"categories":[4],"tags":[],"_links":{"self":[{"href":"https:\/\/dgospel.com.br\/portal\/index.php\/wp-json\/wp\/v2\/posts\/14683"}],"collection":[{"href":"https:\/\/dgospel.com.br\/portal\/index.php\/wp-json\/wp\/v2\/posts"}],"about":[{"href":"https:\/\/dgospel.com.br\/portal\/index.php\/wp-json\/wp\/v2\/types\/post"}],"author":[{"embeddable":true,"href":"https:\/\/dgospel.com.br\/portal\/index.php\/wp-json\/wp\/v2\/users\/2"}],"replies":[{"embeddable":true,"href":"https:\/\/dgospel.com.br\/portal\/index.php\/wp-json\/wp\/v2\/comments?post=14683"}],"version-history":[{"count":1,"href":"https:\/\/dgospel.com.br\/portal\/index.php\/wp-json\/wp\/v2\/posts\/14683\/revisions"}],"predecessor-version":[{"id":14685,"href":"https:\/\/dgospel.com.br\/portal\/index.php\/wp-json\/wp\/v2\/posts\/14683\/revisions\/14685"}],"wp:featuredmedia":[{"embeddable":true,"href":"https:\/\/dgospel.com.br\/portal\/index.php\/wp-json\/wp\/v2\/media\/14684"}],"wp:attachment":[{"href":"https:\/\/dgospel.com.br\/portal\/index.php\/wp-json\/wp\/v2\/media?parent=14683"}],"wp:term":[{"taxonomy":"category","embeddable":true,"href":"https:\/\/dgospel.com.br\/portal\/index.php\/wp-json\/wp\/v2\/categories?post=14683"},{"taxonomy":"post_tag","embeddable":true,"href":"https:\/\/dgospel.com.br\/portal\/index.php\/wp-json\/wp\/v2\/tags?post=14683"}],"curies":[{"name":"wp","href":"https:\/\/api.w.org\/{rel}","templated":true}]}}