{"id":14689,"date":"2023-02-10T11:47:16","date_gmt":"2023-02-10T14:47:16","guid":{"rendered":"http:\/\/dgospel.com.br\/portal\/?p=14689"},"modified":"2023-02-10T11:47:17","modified_gmt":"2023-02-10T14:47:17","slug":"pericia-mostra-que-ibaneis-nao-foi-conivente-com-manifestacoes","status":"publish","type":"post","link":"https:\/\/dgospel.com.br\/portal\/index.php\/2023\/02\/10\/pericia-mostra-que-ibaneis-nao-foi-conivente-com-manifestacoes\/","title":{"rendered":"Per\u00edcia mostra que Ibaneis n\u00e3o foi conivente com manifesta\u00e7\u00f5es"},"content":{"rendered":"\n<p>O relat\u00f3rio da per\u00edcia realizada pela Pol\u00edcia Federal no celular do governador afastado do<a href=\"http:\/\/www.df.gov.br\/\">&nbsp;<strong>Distrito Federal<\/strong><\/a>&nbsp;Ibaneis Rocha (MDB), divulgado pela imprensa na quinta-feira 9, leva \u00e0 conclus\u00e3o de que ele n\u00e3o se omitiu e tampouco foi conivente com as manifesta\u00e7\u00f5es de 8 de janeiro, quando centenas de pessoas invadiram e depredaram os pr\u00e9dios da Pra\u00e7a dos Tr\u00eas Poderes.<\/p>\n\n\n\n<p>O relat\u00f3rio da per\u00edcia afirma que a \u201cinvestiga\u00e7\u00e3o n\u00e3o revelou atos do governador Ibaneis em mudar o planejamento, desfazer ordens de autoridades das for\u00e7as de seguran\u00e7a, omitir informa\u00e7\u00f5es a autoridades superiores do governo federal, ou mesmo de impedir a repress\u00e3o dos avan\u00e7o dos manifestantes durantes os atos de vandalismo\u201d, conforme trecho publicado pelo&nbsp;<em>Correio Braziliense<\/em>.<\/p>\n\n\n\n<p>O laudo da PF listou conversas do governador com jornalistas, membros do Judici\u00e1rio, do Congresso e integrantes do governo, al\u00e9m de seus advogados. Ao todo, foram 36 liga\u00e7\u00f5es recebidas e realizadas por Ibaneis nos dias 7 e 8 de janeiro.<\/p>\n\n\n\n<p>Ibaneis foi afastado do cargo em 9 de janeiro, por 90 dias, por decis\u00e3o do ministro Alexandre de Moraes, do Supremo Tribunal Federal (STF), alegando que \u201cabsolutamente nada justifica a omiss\u00e3o e coniv\u00eancia do secret\u00e1rio de Seguran\u00e7a P\u00fablica e do governador com criminosos que, previamente, anunciaram o que fariam\u201d. Ainda na quinta-feira, a defesa do governador pediu o retorno dele ao cargo.<\/p>\n\n\n\n<h2><strong>Troca de mensagens<\/strong><\/h2>\n\n\n\n<p>Entre as conversas transcritas pela per\u00edcia, est\u00e3o \u00e1udios enviados na manh\u00e3 do dia 8 de janeiro pelo ex-secret\u00e1rio interino de Seguran\u00e7a P\u00fablica do DF Fernando de Sousa Oliveira garantindo que n\u00e3o havia risco de manifesta\u00e7\u00f5es violentas naquele dia. Anderson Torres, o titular da pasta, tinha embarcado na sexta-feira 6 para os Estados Unidos, em f\u00e9rias, que come\u00e7ariam na segunda-feira, 9 de janeiro.<\/p>\n\n\n\n<p>Na troca de mensagens com Ibaneis, Oliveira diz que \u201csitua\u00e7\u00e3o \u00e9 tranquila, no momento\u201d. \u201cBom dia, governador! Passando pro senhor as \u00faltimas not\u00edcias da madrugada e do in\u00edcio do dia. N\u00e3o houve nenhuma intercorr\u00eancia relacionada aos manifestantes. Tudo bem tranquilo.\u201d<\/p>\n\n\n\n<p>O ex-secret\u00e1rio tamb\u00e9m informou que as equipes de seguran\u00e7a estavam fazendo rondas. Em outro boletim, por volta do meio-dia, Oliveira voltou a tranquilizar Ibaneis, afastando a possibilidade de qualquer ato de viol\u00eancia na manifesta\u00e7\u00e3o.<\/p>\n\n\n\n<p>A transcri\u00e7\u00e3o das mensagens do celular de Ibaneis tamb\u00e9m demonstra que ele repassou essas informa\u00e7\u00f5es ao ministro da Justi\u00e7a e Seguran\u00e7a P\u00fablica, Fl\u00e1vio Dino. Apenas \u00e0s 16h39, o ex-secret\u00e1rio interino de Seguran\u00e7a enviou mensagem a Ibaneis dizendo que a situa\u00e7\u00e3o estava cr\u00edtica e pediu refor\u00e7o ao Ex\u00e9rcito e For\u00e7a Nacional. \u00c0s 16h43, o governador afastado encaminha mensagem a Dino, pedindo apoio do Ex\u00e9rcito.<\/p>\n\n\n\n<p>Com o relat\u00f3rio da per\u00edcia, a defesa do governador afastado entende que n\u00e3o h\u00e1 motivos para a manuten\u00e7\u00e3o do afastamento. A peti\u00e7\u00e3o ao ministro Alexandre de Moraes foi protocolada ainda ontem.<\/p>\n","protected":false},"excerpt":{"rendered":"<p>O relat\u00f3rio da per\u00edcia realizada pela Pol\u00edcia Federal no celular do governador afastado do&nbsp;Distrito Federal&nbsp;Ibaneis Rocha (MDB), divulgado pela imprensa na quinta-feira 9, leva \u00e0 conclus\u00e3o de que ele n\u00e3o se omitiu e tampouco foi conivente com as manifesta\u00e7\u00f5es de 8 de janeiro, quando centenas de pessoas invadiram e depredaram os pr\u00e9dios da Pra\u00e7a dos [&hellip;]<\/p>\n","protected":false},"author":2,"featured_media":14690,"comment_status":"open","ping_status":"open","sticky":false,"template":"","format":"standard","meta":[],"categories":[4],"tags":[],"_links":{"self":[{"href":"https:\/\/dgospel.com.br\/portal\/index.php\/wp-json\/wp\/v2\/posts\/14689"}],"collection":[{"href":"https:\/\/dgospel.com.br\/portal\/index.php\/wp-json\/wp\/v2\/posts"}],"about":[{"href":"https:\/\/dgospel.com.br\/portal\/index.php\/wp-json\/wp\/v2\/types\/post"}],"author":[{"embeddable":true,"href":"https:\/\/dgospel.com.br\/portal\/index.php\/wp-json\/wp\/v2\/users\/2"}],"replies":[{"embeddable":true,"href":"https:\/\/dgospel.com.br\/portal\/index.php\/wp-json\/wp\/v2\/comments?post=14689"}],"version-history":[{"count":1,"href":"https:\/\/dgospel.com.br\/portal\/index.php\/wp-json\/wp\/v2\/posts\/14689\/revisions"}],"predecessor-version":[{"id":14691,"href":"https:\/\/dgospel.com.br\/portal\/index.php\/wp-json\/wp\/v2\/posts\/14689\/revisions\/14691"}],"wp:featuredmedia":[{"embeddable":true,"href":"https:\/\/dgospel.com.br\/portal\/index.php\/wp-json\/wp\/v2\/media\/14690"}],"wp:attachment":[{"href":"https:\/\/dgospel.com.br\/portal\/index.php\/wp-json\/wp\/v2\/media?parent=14689"}],"wp:term":[{"taxonomy":"category","embeddable":true,"href":"https:\/\/dgospel.com.br\/portal\/index.php\/wp-json\/wp\/v2\/categories?post=14689"},{"taxonomy":"post_tag","embeddable":true,"href":"https:\/\/dgospel.com.br\/portal\/index.php\/wp-json\/wp\/v2\/tags?post=14689"}],"curies":[{"name":"wp","href":"https:\/\/api.w.org\/{rel}","templated":true}]}}