{"id":14692,"date":"2023-02-10T11:54:15","date_gmt":"2023-02-10T14:54:15","guid":{"rendered":"http:\/\/dgospel.com.br\/portal\/?p=14692"},"modified":"2023-02-10T11:54:15","modified_gmt":"2023-02-10T14:54:15","slug":"stf-forma-maioria-para-permitir-a-linguagem-neutra-nas-escolas-de-rondonia","status":"publish","type":"post","link":"https:\/\/dgospel.com.br\/portal\/index.php\/2023\/02\/10\/stf-forma-maioria-para-permitir-a-linguagem-neutra-nas-escolas-de-rondonia\/","title":{"rendered":"STF forma maioria para permitir a linguagem neutra nas escolas de Rond\u00f4nia"},"content":{"rendered":"\n<p>O Supremo Tribunal Federal (STF) formou maioria para permitir a linguagem neutra nas escolas de Rond\u00f4nia. Na quinta-feira 9, cinco ministros votaram pela derrubada de uma lei estadual que impedia o uso do dialeto n\u00e3o bin\u00e1rio.<\/p>\n\n\n\n<p>A decis\u00e3o plena do STF deve atingir leis semelhantes aprovadas em outros Estados e munic\u00edpios. Isso porque a decis\u00e3o produz o chamado efeito vinculante, firmando entendimento a ser aplicado em casos similares.<\/p>\n\n\n\n<p>Em 2021, a Assembleia do Estado barrou a linguagem neutra na grade curricular e no material did\u00e1tico de institui\u00e7\u00f5es de ensino locais, p\u00fablicas ou privadas, al\u00e9m de editais de concursos p\u00fablicos. O governador chancelou o texto.<\/p>\n\n\n\n<p>Relator do caso, o ministro Edson Fachin havia suspendido o dispositivo, por meio de uma liminar, em novembro de 2021, e a decis\u00e3o foi a referendo. O juiz do STF entendeu que cabe \u00e0 Uni\u00e3o legislar sobre normas gerais de ensino.<\/p>\n\n\n\n<p>\u201cA norma estadual que, a pretexto de proteger os estudantes, pro\u00edbe a modalidade de uso da l\u00edngua portuguesa e viola a compet\u00eancia legislativa da Uni\u00e3o\u201d, argumentou o ministro. \u201cA lei constitui n\u00edtida censura pr\u00e9via.\u201d<\/p>\n\n\n\n<p>Acompanharam o voto de Fachin os ministros Alexandre de Moraes, Ricardo Lewandowski, C\u00e1rmen L\u00facia, Dias Toffoli e Roberto Barroso. Faltam Luiz Fux, Gilmar Mendes, Andr\u00e9 Mendon\u00e7a, Nunes Marques e a presidente da Corte, Rosa Weber. Qualquer um desses pode pedir vista do processo e suspend\u00ea-lo.<\/p>\n\n\n\n<h2>STF e linguagem neutra<\/h2>\n\n\n\n<p>A a\u00e7\u00e3o que est\u00e1 no STF foi movida pela Confedera\u00e7\u00e3o Nacional dos Trabalhadores em Estabelecimentos de Ensino. Para o grupo de esquerda, a lei \u00e9 inconstitucional, porque \u00e9 a Uni\u00e3o quem tem de legislar sobre normas de ensino e, al\u00e9m disso, atenta contra os princ\u00edpios fundamentais do pa\u00eds.<\/p>\n\n\n\n<p>\u201cQuem se der ao elementar e necess\u00e1rio cuidado de buscar entender a linguagem neutra, a partir de sua inser\u00e7\u00e3o na realidade social, patente, viva e insuscet\u00edvel de ser aprisionada, claro, sem a coura\u00e7a da intoler\u00e2ncia, do \u00f3dio e da nega\u00e7\u00e3o da diversidade, com certeza, chegar\u00e1 \u00e0 conclus\u00e3o de que ela nada cont\u00e9m de modismo, de car\u00e1ter partid\u00e1rio e ideol\u00f3gico\u201d, diz o pedido.<\/p>\n","protected":false},"excerpt":{"rendered":"<p>O Supremo Tribunal Federal (STF) formou maioria para permitir a linguagem neutra nas escolas de Rond\u00f4nia. Na quinta-feira 9, cinco ministros votaram pela derrubada de uma lei estadual que impedia o uso do dialeto n\u00e3o bin\u00e1rio. A decis\u00e3o plena do STF deve atingir leis semelhantes aprovadas em outros Estados e munic\u00edpios. Isso porque a decis\u00e3o [&hellip;]<\/p>\n","protected":false},"author":2,"featured_media":14693,"comment_status":"open","ping_status":"open","sticky":false,"template":"","format":"standard","meta":[],"categories":[10],"tags":[],"_links":{"self":[{"href":"https:\/\/dgospel.com.br\/portal\/index.php\/wp-json\/wp\/v2\/posts\/14692"}],"collection":[{"href":"https:\/\/dgospel.com.br\/portal\/index.php\/wp-json\/wp\/v2\/posts"}],"about":[{"href":"https:\/\/dgospel.com.br\/portal\/index.php\/wp-json\/wp\/v2\/types\/post"}],"author":[{"embeddable":true,"href":"https:\/\/dgospel.com.br\/portal\/index.php\/wp-json\/wp\/v2\/users\/2"}],"replies":[{"embeddable":true,"href":"https:\/\/dgospel.com.br\/portal\/index.php\/wp-json\/wp\/v2\/comments?post=14692"}],"version-history":[{"count":1,"href":"https:\/\/dgospel.com.br\/portal\/index.php\/wp-json\/wp\/v2\/posts\/14692\/revisions"}],"predecessor-version":[{"id":14694,"href":"https:\/\/dgospel.com.br\/portal\/index.php\/wp-json\/wp\/v2\/posts\/14692\/revisions\/14694"}],"wp:featuredmedia":[{"embeddable":true,"href":"https:\/\/dgospel.com.br\/portal\/index.php\/wp-json\/wp\/v2\/media\/14693"}],"wp:attachment":[{"href":"https:\/\/dgospel.com.br\/portal\/index.php\/wp-json\/wp\/v2\/media?parent=14692"}],"wp:term":[{"taxonomy":"category","embeddable":true,"href":"https:\/\/dgospel.com.br\/portal\/index.php\/wp-json\/wp\/v2\/categories?post=14692"},{"taxonomy":"post_tag","embeddable":true,"href":"https:\/\/dgospel.com.br\/portal\/index.php\/wp-json\/wp\/v2\/tags?post=14692"}],"curies":[{"name":"wp","href":"https:\/\/api.w.org\/{rel}","templated":true}]}}