{"id":14695,"date":"2023-02-10T11:56:22","date_gmt":"2023-02-10T14:56:22","guid":{"rendered":"http:\/\/dgospel.com.br\/portal\/?p=14695"},"modified":"2023-02-10T11:56:22","modified_gmt":"2023-02-10T14:56:22","slug":"embaixador-do-brasil-sai-de-ferias-e-nao-recebe-lula-durante-sua-viagem-a-washington","status":"publish","type":"post","link":"https:\/\/dgospel.com.br\/portal\/index.php\/2023\/02\/10\/embaixador-do-brasil-sai-de-ferias-e-nao-recebe-lula-durante-sua-viagem-a-washington\/","title":{"rendered":"Embaixador do Brasil sai de f\u00e9rias e n\u00e3o recebe Lula durante sua viagem a Washington"},"content":{"rendered":"\n<p>O embaixador do Brasil em Washington, Nestor Foster, manteve as f\u00e9rias anteriormente marcadas no per\u00edodo de viagem do presidente Lu\u00edz In\u00e1cio Lula da Silva aos Estados Unidos da Am\u00e9rica (EUA). Funcion\u00e1rios da embaixada informaram que o diplomata j\u00e1 havia marcado suas f\u00e9rias antes do presidente Lula anunciar a viagem aos Estados Unidos, por\u00e9m, n\u00e3o \u00e9 de uso diplom\u00e1tico que os chefes de uma embaixada n\u00e3o recebam o presidente da Rep\u00fablica de seu pa\u00eds por ocasi\u00e3o de uma visita.<\/p>\n\n\n\n<p>Foster foi indicado ao cargo pelo ex-chanceler Ernesto Ara\u00fajo e foi mantido na embaixada pelo \u00faltimo ministro das Rela\u00e7\u00f5es Exterior do ex-presidente Jair Bolsonaro, Carlos Fran\u00e7a. Foster j\u00e1 foi removido do cargo, mas ainda tem dois meses para deixar o pa\u00eds. O embaixador ir\u00e1 voltar a Bras\u00edlia e, em princ\u00edpio, assumir\u00e1 um cargo na Secretaria de Estado.<\/p>\n\n\n\n<p>A embaixadora Maria Luiza Ribeiro Viotti foi indicada pelo chanceler do presidente Lula, Mauro Vieira, para assumir a embaixada do Brasil em Washington no lugar de Foster. Os Estados Unidos j\u00e1 concederam o \u201cagr\u00e9ment\u201d a Viotti, mas sua nomea\u00e7\u00e3o ainda precisa ser aprovada pelo Senado.<\/p>\n","protected":false},"excerpt":{"rendered":"<p>O embaixador do Brasil em Washington, Nestor Foster, manteve as f\u00e9rias anteriormente marcadas no per\u00edodo de viagem do presidente Lu\u00edz In\u00e1cio Lula da Silva aos Estados Unidos da Am\u00e9rica (EUA). Funcion\u00e1rios da embaixada informaram que o diplomata j\u00e1 havia marcado suas f\u00e9rias antes do presidente Lula anunciar a viagem aos Estados Unidos, por\u00e9m, n\u00e3o \u00e9 [&hellip;]<\/p>\n","protected":false},"author":2,"featured_media":14696,"comment_status":"open","ping_status":"open","sticky":false,"template":"","format":"standard","meta":[],"categories":[10],"tags":[],"_links":{"self":[{"href":"https:\/\/dgospel.com.br\/portal\/index.php\/wp-json\/wp\/v2\/posts\/14695"}],"collection":[{"href":"https:\/\/dgospel.com.br\/portal\/index.php\/wp-json\/wp\/v2\/posts"}],"about":[{"href":"https:\/\/dgospel.com.br\/portal\/index.php\/wp-json\/wp\/v2\/types\/post"}],"author":[{"embeddable":true,"href":"https:\/\/dgospel.com.br\/portal\/index.php\/wp-json\/wp\/v2\/users\/2"}],"replies":[{"embeddable":true,"href":"https:\/\/dgospel.com.br\/portal\/index.php\/wp-json\/wp\/v2\/comments?post=14695"}],"version-history":[{"count":1,"href":"https:\/\/dgospel.com.br\/portal\/index.php\/wp-json\/wp\/v2\/posts\/14695\/revisions"}],"predecessor-version":[{"id":14697,"href":"https:\/\/dgospel.com.br\/portal\/index.php\/wp-json\/wp\/v2\/posts\/14695\/revisions\/14697"}],"wp:featuredmedia":[{"embeddable":true,"href":"https:\/\/dgospel.com.br\/portal\/index.php\/wp-json\/wp\/v2\/media\/14696"}],"wp:attachment":[{"href":"https:\/\/dgospel.com.br\/portal\/index.php\/wp-json\/wp\/v2\/media?parent=14695"}],"wp:term":[{"taxonomy":"category","embeddable":true,"href":"https:\/\/dgospel.com.br\/portal\/index.php\/wp-json\/wp\/v2\/categories?post=14695"},{"taxonomy":"post_tag","embeddable":true,"href":"https:\/\/dgospel.com.br\/portal\/index.php\/wp-json\/wp\/v2\/tags?post=14695"}],"curies":[{"name":"wp","href":"https:\/\/api.w.org\/{rel}","templated":true}]}}