{"id":14701,"date":"2023-02-10T12:20:12","date_gmt":"2023-02-10T15:20:12","guid":{"rendered":"http:\/\/dgospel.com.br\/portal\/?p=14701"},"modified":"2023-02-10T12:20:13","modified_gmt":"2023-02-10T15:20:13","slug":"lira-da-resposta-aos-ataques-de-lula-ao-presidente-do-bc","status":"publish","type":"post","link":"https:\/\/dgospel.com.br\/portal\/index.php\/2023\/02\/10\/lira-da-resposta-aos-ataques-de-lula-ao-presidente-do-bc\/","title":{"rendered":"Lira d\u00e1 resposta aos ataques de Lula ao presidente do BC"},"content":{"rendered":"\n<p>O presidente da C\u00e2mara dos Deputados,&nbsp;Arthur Lira (PP-AL), defendeu, nesta quinta-feira (9\/2), que o \u201cBanco Central independente \u00e9 uma marca mundial\u201d e que o \u201cassunto n\u00e3o retroagir\u00e1\u201d no Parlamento. A declara\u00e7\u00e3o \u00e9 uma resposta aos recentes ataques do presidente&nbsp;Luiz In\u00e1cio Lula da Silva (PT)&nbsp;\u00e0 gest\u00e3o de Roberto Campos Neto na autoridade monet\u00e1ria.<\/p>\n\n\n\n<p>\u201cEu tenho a escuta, a tend\u00eancia do que a maioria do plen\u00e1rio pensa em rela\u00e7\u00e3o \u00e0 independ\u00eancia do Banco Central, que nesse assunto n\u00e3o retroagir\u00e1\u2026 O Banco Central independente foi o modelo escolhido pelo Congresso Nacional\u201d, enfatizou o deputado, que participou de uma feira agropecu\u00e1ria em Cascavel (PR).<\/p>\n\n\n\n<p>N\u00e3o h\u00e1 disposi\u00e7\u00e3o do Congresso Nacional em rever o modelo de autonomia e atua\u00e7\u00e3o do Banco Central. A indisposi\u00e7\u00e3o em lidar com o tema encontra eco entre lideran\u00e7as parlamentares e congressistas ouvidos pela reportagem.<\/p>\n\n\n\n<p>Sancionada em 2021 pelo ent\u00e3o presidente,&nbsp;Jair Bolsonaro (PL), a autonomia do BC foi avalizada na C\u00e2mara dos Deputados e no Senado Federal pela maioria dos deputados e senadores. A pauta era, na ocasi\u00e3o, uma das prioridades da agenda liberal-econ\u00f4mica do ent\u00e3o ministro da Economia, Paulo Guedes.<\/p>\n","protected":false},"excerpt":{"rendered":"<p>O presidente da C\u00e2mara dos Deputados,&nbsp;Arthur Lira (PP-AL), defendeu, nesta quinta-feira (9\/2), que o \u201cBanco Central independente \u00e9 uma marca mundial\u201d e que o \u201cassunto n\u00e3o retroagir\u00e1\u201d no Parlamento. A declara\u00e7\u00e3o \u00e9 uma resposta aos recentes ataques do presidente&nbsp;Luiz In\u00e1cio Lula da Silva (PT)&nbsp;\u00e0 gest\u00e3o de Roberto Campos Neto na autoridade monet\u00e1ria. \u201cEu tenho a [&hellip;]<\/p>\n","protected":false},"author":2,"featured_media":14702,"comment_status":"open","ping_status":"open","sticky":false,"template":"","format":"standard","meta":[],"categories":[4],"tags":[],"_links":{"self":[{"href":"https:\/\/dgospel.com.br\/portal\/index.php\/wp-json\/wp\/v2\/posts\/14701"}],"collection":[{"href":"https:\/\/dgospel.com.br\/portal\/index.php\/wp-json\/wp\/v2\/posts"}],"about":[{"href":"https:\/\/dgospel.com.br\/portal\/index.php\/wp-json\/wp\/v2\/types\/post"}],"author":[{"embeddable":true,"href":"https:\/\/dgospel.com.br\/portal\/index.php\/wp-json\/wp\/v2\/users\/2"}],"replies":[{"embeddable":true,"href":"https:\/\/dgospel.com.br\/portal\/index.php\/wp-json\/wp\/v2\/comments?post=14701"}],"version-history":[{"count":1,"href":"https:\/\/dgospel.com.br\/portal\/index.php\/wp-json\/wp\/v2\/posts\/14701\/revisions"}],"predecessor-version":[{"id":14703,"href":"https:\/\/dgospel.com.br\/portal\/index.php\/wp-json\/wp\/v2\/posts\/14701\/revisions\/14703"}],"wp:featuredmedia":[{"embeddable":true,"href":"https:\/\/dgospel.com.br\/portal\/index.php\/wp-json\/wp\/v2\/media\/14702"}],"wp:attachment":[{"href":"https:\/\/dgospel.com.br\/portal\/index.php\/wp-json\/wp\/v2\/media?parent=14701"}],"wp:term":[{"taxonomy":"category","embeddable":true,"href":"https:\/\/dgospel.com.br\/portal\/index.php\/wp-json\/wp\/v2\/categories?post=14701"},{"taxonomy":"post_tag","embeddable":true,"href":"https:\/\/dgospel.com.br\/portal\/index.php\/wp-json\/wp\/v2\/tags?post=14701"}],"curies":[{"name":"wp","href":"https:\/\/api.w.org\/{rel}","templated":true}]}}