{"id":14704,"date":"2023-02-10T12:50:07","date_gmt":"2023-02-10T15:50:07","guid":{"rendered":"http:\/\/dgospel.com.br\/portal\/?p=14704"},"modified":"2023-02-10T12:50:08","modified_gmt":"2023-02-10T15:50:08","slug":"governo-do-tocantins-publica-edital-para-concurso-da-educacao","status":"publish","type":"post","link":"https:\/\/dgospel.com.br\/portal\/index.php\/2023\/02\/10\/governo-do-tocantins-publica-edital-para-concurso-da-educacao\/","title":{"rendered":"Governo do Tocantins publica edital para concurso da Educa\u00e7\u00e3o"},"content":{"rendered":"\n<p>O Governo do Estado do Tocantins, por meio da Secretaria de Estado da Administra\u00e7\u00e3o (Secad) e da Secretaria de Estado da Educa\u00e7\u00e3o (Seduc), realizar\u00e1 o concurso p\u00fablico para provimento de vagas do cargo de professor da educa\u00e7\u00e3o b\u00e1sica. O edital completo ser\u00e1 publicado na edi\u00e7\u00e3o do Di\u00e1rio Oficial do Estado do Tocantins (DOE\/TO), desta quinta-feira, 9 de fevereiro.<\/p>\n\n\n\n<p>O certame ser\u00e1 dividido em dois editais. O primeiro, 001\/2023, trar\u00e1 informa\u00e7\u00f5es e procedimentos sobre como pleitear as vagas para professor regente, coordenador pedag\u00f3gico e orientador educacional. J\u00e1 o edital 002\/2023 traz conte\u00fado explicativo de como concorrer ao cargo de professor regente na educa\u00e7\u00e3o ind\u00edgena.<\/p>\n\n\n\n<p>A presidente da comiss\u00e3o do certame, Maria Luiza Aguiar, informa que ser\u00e3o ofertadas 5.164 vagas sendo distribu\u00eddas entre os seguintes cargos: 4.508 para professor regente; 249 para coordenador pedag\u00f3gico; 264 para orientador educacional, todos para educa\u00e7\u00e3o b\u00e1sica e 143 para professor da educa\u00e7\u00e3o b\u00e1sica na educa\u00e7\u00e3o ind\u00edgena. As vagas atender\u00e3o 137 munic\u00edpios do Estado, com exce\u00e7\u00e3o de Monte Santo e Chapada da Areia, que ainda n\u00e3o possuem escolas estaduais.<\/p>\n\n\n\n<p>O governador Wanderlei Barbosa destaca a realiza\u00e7\u00e3o do certame como um ato de manuten\u00e7\u00e3o do desenvolvimento social tocantinense. \u201cA educa\u00e7\u00e3o \u00e9 base para uma sociedade s\u00f3lida e justa. Esse certame consolida todos os nossos esfor\u00e7os para garantir, inclusive, os direitos dos servidores como tamb\u00e9m a qualidade da educa\u00e7\u00e3o do nosso Estado, que ser\u00e1 fortalecida\u201d, declara.<\/p>\n\n\n\n<p>Para o secret\u00e1rio de Estado da Administra\u00e7\u00e3o, Paulo C\u00e9sar Benfica Filho, a realiza\u00e7\u00e3o do concurso \u00e9 uma a\u00e7\u00e3o que demonstra o compromisso da atual gest\u00e3o com o aperfei\u00e7oamento dos servi\u00e7os ofertados \u00e0 popula\u00e7\u00e3o, al\u00e9m da preocupa\u00e7\u00e3o com os povos origin\u00e1rios. \u201cInvestir em educa\u00e7\u00e3o \u00e9 ato basilar para a manuten\u00e7\u00e3o de uma sociedade com equidade. Este certame \u00e9 o in\u00edcio de um ciclo de concursos, que marcar\u00e1 um per\u00edodo de transforma\u00e7\u00e3o na gest\u00e3o p\u00fablica do Tocantins\u201d, pontua Paulo C\u00e9sar Benfica.<\/p>\n\n\n\n<p>O secret\u00e1rio de Estado da Educa\u00e7\u00e3o, F\u00e1bio Vaz, ressalta que o concurso \u00e9 essencial para a manuten\u00e7\u00e3o da qualidade da educa\u00e7\u00e3o promovida pelo Estado. \u201cO edital foi elaborado para preencher as lacunas existentes de forma que os professores possam atuar em sua \u00e1rea de forma\u00e7\u00e3o, o que trar\u00e1 melhores resultados na aprendizagem dos estudantes e nos indicadores educacionais do Tocantins\u201d, afirma.<\/p>\n\n\n\n<p>A empresa respons\u00e1vel pelo concurso ser\u00e1 a Funda\u00e7\u00e3o Get\u00falio Vargas, contratada pelo Governo do Tocantins por meio do Contrato n\u00ba 369\/2022\/GEGEC\/SECAD, de 23 de dezembro de 2022.<\/p>\n\n\n\n<p><strong>Etapas do certame<\/strong><\/p>\n\n\n\n<p>O per\u00edodo de inscri\u00e7\u00f5es ser\u00e1 de 13 de fevereiro de 2023 a 16 de mar\u00e7o de 2023. As provas est\u00e3o agendadas para o dia 11 de junho de 2023. Vale destacar que os candidatos \u00e0s vagas para o exerc\u00edcio da fun\u00e7\u00e3o de professor regente, na educa\u00e7\u00e3o ind\u00edgena, ter\u00e3o isen\u00e7\u00e3o na taxa de inscri\u00e7\u00e3o.<\/p>\n\n\n\n<p>O concurso ser\u00e1 realizado em uma \u00fanica etapa de execu\u00e7\u00e3o com duas fases. Sendo a primeira, de exame de habilidades e conhecimentos aferidos por meio de aplica\u00e7\u00e3o de provas objetivas e discursivas, de car\u00e1ter eliminat\u00f3rio e classificat\u00f3rio; e a segunda, de avalia\u00e7\u00e3o de t\u00edtulos, de car\u00e1ter unicamente classificat\u00f3rio.<\/p>\n\n\n\n<p>As provas ser\u00e3o realizadas em sete munic\u00edpios tocantinenses: Aragua\u00edna, Araguatins, Arraias, Gurupi, Miracema do Tocantins, Palmas e Para\u00edso do Tocantins.&nbsp;<br>A remunera\u00e7\u00e3o inicial prevista para o professor da educa\u00e7\u00e3o b\u00e1sica \u00e9 de R$ 4.826,20. O \u00faltimo concurso para provimento de cargos para professores na educa\u00e7\u00e3o estadual ocorreu em 2009 e ofertou 2.192 vagas.<\/p>\n\n\n\n<p>O Edital completo poder\u00e1 ser acessado pelo Di\u00e1rio Oficial do Estado do Tocantins e no site da Funda\u00e7\u00e3o Get\u00falio Vargas, no endere\u00e7o eletr\u00f4nico&nbsp;<a href=\"https:\/\/conhecimento.fgv.br\/concursos\/secad.to,\">https:\/\/conhecimento.fgv.br\/concursos\/secad.to<\/a>.<\/p>\n\n\n\n<p><strong>Vagas<\/strong><\/p>\n\n\n\n<p>Ao todo, o certame ofertar\u00e1 5.164 vagas&nbsp;que ser\u00e3o assim distribu\u00eddas: &nbsp;<\/p>\n\n\n\n<p>&#8211; 4.508 vagas para professor regente;&nbsp;<\/p>\n\n\n\n<p>&#8211; 249 vagas para coordenador pedag\u00f3gico;&nbsp;<\/p>\n\n\n\n<p>&#8211; 264 vagas para orientador educacional, todos para educa\u00e7\u00e3o b\u00e1sica;<\/p>\n\n\n\n<p>&#8211; 143 vagas para professor da educa\u00e7\u00e3o b\u00e1sica na educa\u00e7\u00e3o ind\u00edgena.\u00a0<\/p>\n\n\n\n<p><img src=\"https:\/\/central.to.gov.br\/image\/318530?w=670&amp;h=383\"><\/p>\n\n\n\n<p>Governador Wanderlei Barbosa destaca a realiza\u00e7\u00e3o do certame como um ato de manuten\u00e7\u00e3o do desenvolvimento social tocantinense &#8211; Antonio Gon\u00e7alves\/Governo do Tocantins&nbsp;<\/p>\n","protected":false},"excerpt":{"rendered":"<p>O Governo do Estado do Tocantins, por meio da Secretaria de Estado da Administra\u00e7\u00e3o (Secad) e da Secretaria de Estado da Educa\u00e7\u00e3o (Seduc), realizar\u00e1 o concurso p\u00fablico para provimento de vagas do cargo de professor da educa\u00e7\u00e3o b\u00e1sica. O edital completo ser\u00e1 publicado na edi\u00e7\u00e3o do Di\u00e1rio Oficial do Estado do Tocantins (DOE\/TO), desta quinta-feira, [&hellip;]<\/p>\n","protected":false},"author":2,"featured_media":14705,"comment_status":"open","ping_status":"open","sticky":false,"template":"","format":"standard","meta":[],"categories":[3],"tags":[13],"_links":{"self":[{"href":"https:\/\/dgospel.com.br\/portal\/index.php\/wp-json\/wp\/v2\/posts\/14704"}],"collection":[{"href":"https:\/\/dgospel.com.br\/portal\/index.php\/wp-json\/wp\/v2\/posts"}],"about":[{"href":"https:\/\/dgospel.com.br\/portal\/index.php\/wp-json\/wp\/v2\/types\/post"}],"author":[{"embeddable":true,"href":"https:\/\/dgospel.com.br\/portal\/index.php\/wp-json\/wp\/v2\/users\/2"}],"replies":[{"embeddable":true,"href":"https:\/\/dgospel.com.br\/portal\/index.php\/wp-json\/wp\/v2\/comments?post=14704"}],"version-history":[{"count":1,"href":"https:\/\/dgospel.com.br\/portal\/index.php\/wp-json\/wp\/v2\/posts\/14704\/revisions"}],"predecessor-version":[{"id":14706,"href":"https:\/\/dgospel.com.br\/portal\/index.php\/wp-json\/wp\/v2\/posts\/14704\/revisions\/14706"}],"wp:featuredmedia":[{"embeddable":true,"href":"https:\/\/dgospel.com.br\/portal\/index.php\/wp-json\/wp\/v2\/media\/14705"}],"wp:attachment":[{"href":"https:\/\/dgospel.com.br\/portal\/index.php\/wp-json\/wp\/v2\/media?parent=14704"}],"wp:term":[{"taxonomy":"category","embeddable":true,"href":"https:\/\/dgospel.com.br\/portal\/index.php\/wp-json\/wp\/v2\/categories?post=14704"},{"taxonomy":"post_tag","embeddable":true,"href":"https:\/\/dgospel.com.br\/portal\/index.php\/wp-json\/wp\/v2\/tags?post=14704"}],"curies":[{"name":"wp","href":"https:\/\/api.w.org\/{rel}","templated":true}]}}