{"id":14707,"date":"2023-02-10T12:54:14","date_gmt":"2023-02-10T15:54:14","guid":{"rendered":"http:\/\/dgospel.com.br\/portal\/?p=14707"},"modified":"2023-02-10T12:54:15","modified_gmt":"2023-02-10T15:54:15","slug":"governo-do-to-nomeia-6-secretarios-4-presidentes-de-autarquias-e-14-secretarios-executivos","status":"publish","type":"post","link":"https:\/\/dgospel.com.br\/portal\/index.php\/2023\/02\/10\/governo-do-to-nomeia-6-secretarios-4-presidentes-de-autarquias-e-14-secretarios-executivos\/","title":{"rendered":"Governo do TO nomeia 6 secret\u00e1rios, 4 presidentes de autarquias e 14 secret\u00e1rios executivos"},"content":{"rendered":"\n<p>Em mais uma etapa da reforma administrativa iniciada na \u00faltima segunda-feira, 6, o Governo do Tocantins publicou na noite desta quinta-feira, 9, no Di\u00e1rio Oficial do Estado (DOE), os nomes dos titulares de seis secretarias e de quatro presidentes de autarquias, al\u00e9m de 14 secret\u00e1rios executivos.<\/p>\n\n\n\n<p>Para a Secretaria da Ind\u00fastria, Com\u00e9rcio e Servi\u00e7os foi reconduzido o secret\u00e1rio Carlos Humberto Lima. J\u00e1 na Secretaria dos Esportes e Juventude, o novo titular \u00e9 o ex-deputado estadual Elenil da Penha. O tamb\u00e9m ex-deputado estadual Marcelo Lelis assume a Secretaria de Meio Ambiente e Recursos H\u00eddricos.<\/p>\n\n\n\n<p>Seguindo com as nomea\u00e7\u00f5es, quem passa a responder pela Controladoria Geral do Estado \u00e9 o procurador estadual Jos\u00e9 Humberto Pereira Muniz Filho. Para liderar a Secretaria de Parcerias e Investimentos foi nomeado o advogado Thomas Jefferson Gon\u00e7alves Teixeira. E para a Secretaria Extraordin\u00e1ria de Participa\u00e7\u00f5es Sociais e Pol\u00edticas de Governo, foi nomeada a ex-deputada estadual Valderez Castelo Branco.<\/p>\n\n\n\n<p>J\u00e1 na presid\u00eancia das autarquias, Robson Moura Figueiredo Lima foi reconduzido para o Instituto de Terras do Tocantins (Itertins); Paulo Lima foi reconduzido para a Ag\u00eancia de Defesa Agropecu\u00e1ria (Adapec); Washington Ayres foi reconduzido para o Instituto de Desenvolvimento Rural do Tocantins (Ruraltins) e William Gonzaga dos Santos passa a ser o novo titular do Departamento Estadual de Tr\u00e2nsito do Tocantins (Detran-TO).<\/p>\n\n\n\n<p><strong>Secret\u00e1rios Executivos nomeados<\/strong><\/p>\n\n\n\n<ul><li>&#8211; Casa Civil: Sebasti\u00e3o Pereira Neuzin Neto;<\/li><li>&#8211; Casa Militar: Jo\u00e3o Leyde de Souza Nascimento;<\/li><li>&#8211; Secretaria da Administra\u00e7\u00e3o: Rodrigo de Carvalho Ayres;<\/li><li>&#8211; Secretaria da Comunica\u00e7\u00e3o: Ismael Nunes da Silva Junior;<\/li><li>&#8211; Secretaria da Educa\u00e7\u00e3o: Eder Martins Fernandes;<\/li><li>&#8211; Secretaria da Fazenda: Donizeth Aparecido Silva;<\/li><li>&#8211; Secretaria da Fazenda: Marco Ant\u00f4nio da Silva Menezes;<\/li><li>&#8211; Secretaria da Sa\u00fade: Luciano Lima Costa;<\/li><li>&#8211; Secretaria da Seguran\u00e7a P\u00fablica: Reginaldo de Menezes Brito;<\/li><li>&#8211; Secretaria das Cidades, Habita\u00e7\u00e3o e Desenvolvimento Urbano: Wilson Souza e Silva;<\/li><li>&#8211; Secretaria do Meio Ambiente e Recursos H\u00eddricos: Karynne Sotero Campos;<\/li><li>&#8211; Secretaria do Planejamento: Jos\u00e9 Pedro Dias Leite;<\/li><li>&#8211; Secretaria dos Povos Origin\u00e1rios e Tradicionais: Cristiane Aparecida de Souza Freitas;<\/li><li>&#8211; Secretaria dos Esportes e Juventude: Fl\u00e1vio&nbsp;Cabanhas.<\/li><\/ul>\n\n\n\n<p><\/p>\n","protected":false},"excerpt":{"rendered":"<p>Em mais uma etapa da reforma administrativa iniciada na \u00faltima segunda-feira, 6, o Governo do Tocantins publicou na noite desta quinta-feira, 9, no Di\u00e1rio Oficial do Estado (DOE), os nomes dos titulares de seis secretarias e de quatro presidentes de autarquias, al\u00e9m de 14 secret\u00e1rios executivos. Para a Secretaria da Ind\u00fastria, Com\u00e9rcio e Servi\u00e7os foi [&hellip;]<\/p>\n","protected":false},"author":2,"featured_media":14708,"comment_status":"open","ping_status":"open","sticky":false,"template":"","format":"standard","meta":[],"categories":[3],"tags":[13],"_links":{"self":[{"href":"https:\/\/dgospel.com.br\/portal\/index.php\/wp-json\/wp\/v2\/posts\/14707"}],"collection":[{"href":"https:\/\/dgospel.com.br\/portal\/index.php\/wp-json\/wp\/v2\/posts"}],"about":[{"href":"https:\/\/dgospel.com.br\/portal\/index.php\/wp-json\/wp\/v2\/types\/post"}],"author":[{"embeddable":true,"href":"https:\/\/dgospel.com.br\/portal\/index.php\/wp-json\/wp\/v2\/users\/2"}],"replies":[{"embeddable":true,"href":"https:\/\/dgospel.com.br\/portal\/index.php\/wp-json\/wp\/v2\/comments?post=14707"}],"version-history":[{"count":1,"href":"https:\/\/dgospel.com.br\/portal\/index.php\/wp-json\/wp\/v2\/posts\/14707\/revisions"}],"predecessor-version":[{"id":14709,"href":"https:\/\/dgospel.com.br\/portal\/index.php\/wp-json\/wp\/v2\/posts\/14707\/revisions\/14709"}],"wp:featuredmedia":[{"embeddable":true,"href":"https:\/\/dgospel.com.br\/portal\/index.php\/wp-json\/wp\/v2\/media\/14708"}],"wp:attachment":[{"href":"https:\/\/dgospel.com.br\/portal\/index.php\/wp-json\/wp\/v2\/media?parent=14707"}],"wp:term":[{"taxonomy":"category","embeddable":true,"href":"https:\/\/dgospel.com.br\/portal\/index.php\/wp-json\/wp\/v2\/categories?post=14707"},{"taxonomy":"post_tag","embeddable":true,"href":"https:\/\/dgospel.com.br\/portal\/index.php\/wp-json\/wp\/v2\/tags?post=14707"}],"curies":[{"name":"wp","href":"https:\/\/api.w.org\/{rel}","templated":true}]}}