{"id":14717,"date":"2023-02-10T23:00:38","date_gmt":"2023-02-11T02:00:38","guid":{"rendered":"http:\/\/dgospel.com.br\/portal\/?p=14717"},"modified":"2023-02-10T23:00:39","modified_gmt":"2023-02-11T02:00:39","slug":"lula-e-biden-se-unem-para-atacar-jair-bolsonaro-e-donald-trump","status":"publish","type":"post","link":"https:\/\/dgospel.com.br\/portal\/index.php\/2023\/02\/10\/lula-e-biden-se-unem-para-atacar-jair-bolsonaro-e-donald-trump\/","title":{"rendered":"Lula e Biden se unem para atacar Jair Bolsonaro e Donald Trump"},"content":{"rendered":"\n<p>Em conversa no Sal\u00e3o Oval da Casa Branca nesta sexta-feira (10), com a presen\u00e7a dos jornalistas, Lula (PT) e o presidente dos Estados Unidos, Joe Biden, ambos de esquerda, aproveitaram a oportunidade para criticar seus principais opositores.<\/p>\n\n\n\n<p>O petista acusou o ex-presidente Jair Bolsonaro (PL) de \u201cmarginalizar\u201d o Brasil no mundo e de espalhar fake news \u201cmanh\u00e3, tarde e noite\u201d. Em tom ir\u00f4nico, Biden interrompeu Lula e disse que isso \u201csoa familiar\u201d, arrancando risadas de alguns dos presentes.<\/p>\n\n\n\n<p>Aproveitando os holofotes de todo o mundo, Lula usou o encontro para disparar sua artilharia contra Bolsonaro. O chefe do Executivo brasileiro chegou a dizer que o ex-mandat\u00e1rio mandava desmatar e autorizava o garimpo em \u00e1reas ind\u00edgenas.<\/p>\n\n\n\n<p>\u2013 N\u00f3s \u00faltimos anos a Amaz\u00f4nia foi invadida pela irracionalidade pol\u00edtica e irracionalidade humana, porque tivemos um presidente que mandava desmatar, mandava garimpo entrar nas \u00e1reas ind\u00edgenas \u2013 acusou Lula sem apresentar qualquer prova.<\/p>\n","protected":false},"excerpt":{"rendered":"<p>Em conversa no Sal\u00e3o Oval da Casa Branca nesta sexta-feira (10), com a presen\u00e7a dos jornalistas, Lula (PT) e o presidente dos Estados Unidos, Joe Biden, ambos de esquerda, aproveitaram a oportunidade para criticar seus principais opositores. O petista acusou o ex-presidente Jair Bolsonaro (PL) de \u201cmarginalizar\u201d o Brasil no mundo e de espalhar fake [&hellip;]<\/p>\n","protected":false},"author":2,"featured_media":14718,"comment_status":"open","ping_status":"open","sticky":false,"template":"","format":"standard","meta":[],"categories":[4],"tags":[13],"_links":{"self":[{"href":"https:\/\/dgospel.com.br\/portal\/index.php\/wp-json\/wp\/v2\/posts\/14717"}],"collection":[{"href":"https:\/\/dgospel.com.br\/portal\/index.php\/wp-json\/wp\/v2\/posts"}],"about":[{"href":"https:\/\/dgospel.com.br\/portal\/index.php\/wp-json\/wp\/v2\/types\/post"}],"author":[{"embeddable":true,"href":"https:\/\/dgospel.com.br\/portal\/index.php\/wp-json\/wp\/v2\/users\/2"}],"replies":[{"embeddable":true,"href":"https:\/\/dgospel.com.br\/portal\/index.php\/wp-json\/wp\/v2\/comments?post=14717"}],"version-history":[{"count":1,"href":"https:\/\/dgospel.com.br\/portal\/index.php\/wp-json\/wp\/v2\/posts\/14717\/revisions"}],"predecessor-version":[{"id":14719,"href":"https:\/\/dgospel.com.br\/portal\/index.php\/wp-json\/wp\/v2\/posts\/14717\/revisions\/14719"}],"wp:featuredmedia":[{"embeddable":true,"href":"https:\/\/dgospel.com.br\/portal\/index.php\/wp-json\/wp\/v2\/media\/14718"}],"wp:attachment":[{"href":"https:\/\/dgospel.com.br\/portal\/index.php\/wp-json\/wp\/v2\/media?parent=14717"}],"wp:term":[{"taxonomy":"category","embeddable":true,"href":"https:\/\/dgospel.com.br\/portal\/index.php\/wp-json\/wp\/v2\/categories?post=14717"},{"taxonomy":"post_tag","embeddable":true,"href":"https:\/\/dgospel.com.br\/portal\/index.php\/wp-json\/wp\/v2\/tags?post=14717"}],"curies":[{"name":"wp","href":"https:\/\/api.w.org\/{rel}","templated":true}]}}