{"id":14720,"date":"2023-02-10T23:02:31","date_gmt":"2023-02-11T02:02:31","guid":{"rendered":"http:\/\/dgospel.com.br\/portal\/?p=14720"},"modified":"2023-02-10T23:02:32","modified_gmt":"2023-02-11T02:02:32","slug":"primeira-dama-dos-eua-cancela-encontro-com-janja","status":"publish","type":"post","link":"https:\/\/dgospel.com.br\/portal\/index.php\/2023\/02\/10\/primeira-dama-dos-eua-cancela-encontro-com-janja\/","title":{"rendered":"Primeira-dama dos EUA cancela encontro com Janja"},"content":{"rendered":"\n<p>A esposa do presidente dos Estados Unidos, Jill Biden, tinha um encontro marcado com a primeira-dama brasileira, Janja da Silva, na Casa Branca, nesta sexta-feira (10). Mas o ch\u00e1 entre elas foi cancelado.<\/p>\n\n\n\n<p>O motivo para que o encontro fosse desmarcado \u00e9 que Jill Biden passou mal. Ela, inclusive, passou por um teste de Covid-19, mas o resultado foi negativo.<\/p>\n\n\n\n<p>No lugar do encontro com a esposa de Joe Biden, Janja fez uma visita guiada pela sede do governo americano.<\/p>\n\n\n\n<p>Janja viajou juntamente com Lula para os Estados Unidos onde o chefe do Executivo federal se encontrar\u00e1 com algumas autoridades, entre elas o pr\u00f3prio presidente norte-americano.<\/p>\n\n\n\n<p>Ap\u00f3s o encontro entre os presidentes, os ministros dos dois pa\u00edses se juntar\u00e3o a eles e far\u00e3o uma nova reuni\u00e3o para estreitar as rela\u00e7\u00f5es.<\/p>\n","protected":false},"excerpt":{"rendered":"<p>A esposa do presidente dos Estados Unidos, Jill Biden, tinha um encontro marcado com a primeira-dama brasileira, Janja da Silva, na Casa Branca, nesta sexta-feira (10). Mas o ch\u00e1 entre elas foi cancelado. O motivo para que o encontro fosse desmarcado \u00e9 que Jill Biden passou mal. Ela, inclusive, passou por um teste de Covid-19, [&hellip;]<\/p>\n","protected":false},"author":2,"featured_media":14721,"comment_status":"open","ping_status":"open","sticky":false,"template":"","format":"standard","meta":[],"categories":[16],"tags":[13],"_links":{"self":[{"href":"https:\/\/dgospel.com.br\/portal\/index.php\/wp-json\/wp\/v2\/posts\/14720"}],"collection":[{"href":"https:\/\/dgospel.com.br\/portal\/index.php\/wp-json\/wp\/v2\/posts"}],"about":[{"href":"https:\/\/dgospel.com.br\/portal\/index.php\/wp-json\/wp\/v2\/types\/post"}],"author":[{"embeddable":true,"href":"https:\/\/dgospel.com.br\/portal\/index.php\/wp-json\/wp\/v2\/users\/2"}],"replies":[{"embeddable":true,"href":"https:\/\/dgospel.com.br\/portal\/index.php\/wp-json\/wp\/v2\/comments?post=14720"}],"version-history":[{"count":1,"href":"https:\/\/dgospel.com.br\/portal\/index.php\/wp-json\/wp\/v2\/posts\/14720\/revisions"}],"predecessor-version":[{"id":14722,"href":"https:\/\/dgospel.com.br\/portal\/index.php\/wp-json\/wp\/v2\/posts\/14720\/revisions\/14722"}],"wp:featuredmedia":[{"embeddable":true,"href":"https:\/\/dgospel.com.br\/portal\/index.php\/wp-json\/wp\/v2\/media\/14721"}],"wp:attachment":[{"href":"https:\/\/dgospel.com.br\/portal\/index.php\/wp-json\/wp\/v2\/media?parent=14720"}],"wp:term":[{"taxonomy":"category","embeddable":true,"href":"https:\/\/dgospel.com.br\/portal\/index.php\/wp-json\/wp\/v2\/categories?post=14720"},{"taxonomy":"post_tag","embeddable":true,"href":"https:\/\/dgospel.com.br\/portal\/index.php\/wp-json\/wp\/v2\/tags?post=14720"}],"curies":[{"name":"wp","href":"https:\/\/api.w.org\/{rel}","templated":true}]}}