{"id":14729,"date":"2023-02-10T23:15:08","date_gmt":"2023-02-11T02:15:08","guid":{"rendered":"http:\/\/dgospel.com.br\/portal\/?p=14729"},"modified":"2023-02-10T23:15:10","modified_gmt":"2023-02-11T02:15:10","slug":"lula-da-tiro-no-pe-ao-criticar-bc-diz-meirelles-que-fez-o-l","status":"publish","type":"post","link":"https:\/\/dgospel.com.br\/portal\/index.php\/2023\/02\/10\/lula-da-tiro-no-pe-ao-criticar-bc-diz-meirelles-que-fez-o-l\/","title":{"rendered":"Lula d\u00e1 \u2018tiro no p\u00e9\u2019 ao criticar BC, diz Meirelles, que \u2018fez o L\u2019"},"content":{"rendered":"\n<p>Presidente do&nbsp;<strong><a href=\"https:\/\/revistaoeste.com\/tag\/banco-central\/\" target=\"_blank\" rel=\"noreferrer noopener\">Banco Central (BC)<\/a><\/strong>&nbsp;durante os dois primeiros mandatos de Luiz In\u00e1cio Lula da Silva na Presid\u00eancia da Rep\u00fablica, Henrique Meirelles criticou os ataques do petista \u00e0 autoridade monet\u00e1ria. Nas elei\u00e7\u00f5es de 2022, ele apoiou a candidatura do petista.<\/p>\n\n\n\n<p>De acordo com o Meirelles, Lula deu um \u201ctiro no p\u00e9\u201d, ao reclamar do atual patamar da Selic, taxa refer\u00eancia para os juros no Brasil.<\/p>\n\n\n\n<p>\u201c\u00c9 um tiro no p\u00e9\u201d, disse, em entrevista concedida ao&nbsp;<em>UOL News,&nbsp;<\/em>nesta sexta-feira, 10. \u201cAcaba prejudicando o governo, porque acaba prejudicando a infla\u00e7\u00e3o, e, em consequ\u00eancia, a taxa de juros precisa se manter elevada.\u201d<\/p>\n\n\n\n<p>Segundo Meirelles, as cr\u00edticas de Lula dizendo que as \u201ctaxas de juros est\u00e3o muito elevadas\u201d e as discuss\u00f5es para aumentar a meta para a infla\u00e7\u00e3o eliminaram os espa\u00e7os para uma \u201cqueda imediata dos juros\u201d no Brasil.<\/p>\n\n\n\n<p>De acordo com Meirelles, a expectativa \u00e9 dos fatores importantes quando se trata de infla\u00e7\u00e3o\u201d, explicou. \u201cSe os empres\u00e1rios, desde o padeiro no interior at\u00e9 a ind\u00fastria automobil\u00edstica, esperam que os pre\u00e7os subam, evidentemente isso tende a se realizar. \u00c9 uma profecia autorrealizada. Portanto, se a expectativa da infla\u00e7\u00e3o est\u00e1 subindo, ou est\u00e1 alta e n\u00e3o est\u00e1 caindo, o BC n\u00e3o pode cortar juros.\u201d<\/p>\n\n\n\n<p>As investidas do governo Lula contra a autoridade monet\u00e1ria causam preocupa\u00e7\u00e3o na popula\u00e7\u00e3o, comentou Meirelles. \u201cNo momento em que a cr\u00edtica coloca d\u00favidas sobre a manuten\u00e7\u00e3o da taxa de juros e sobre a capacidade de autonomia do Banco Central de fazer a sua pol\u00edtica, isso atrapalha a taxa\u00e7\u00e3o\u201d, disse.<a href=\"https:\/\/twitter.com\/intent\/tweet\/?text=Lula%20d%C3%A1%20%E2%80%98tiro%20no%20p%C3%A9%E2%80%99%20ao%20criticar%20BC,%20diz%20Meirelles,%20que%20%E2%80%98fez%20o%20L%E2%80%99&amp;url=https%3A%2F%2Frevistaoeste.com%2Feconomia%2Flula-da-tiro-pe-criticar-bc-diz-meirelles-que-fez-o-l%2F\"><\/a><\/p>\n\n\n\n<p><a href=\"https:\/\/www.linkedin.com\/sharing\/share-offsite\/?url=https%3A%2F%2Frevistaoeste.com%2Feconomia%2Flula-da-tiro-pe-criticar-bc-diz-meirelles-que-fez-o-l%2F&amp;title=Lula+d%C3%A1+%26%238216%3Btiro+no+p%C3%A9%26%238217%3B+ao+criticar+BC%2C+diz+Meirelles%2C+que+%26%238216%3Bfez+o+L%26%238217%3B\"><\/a><\/p>\n","protected":false},"excerpt":{"rendered":"<p>Presidente do&nbsp;Banco Central (BC)&nbsp;durante os dois primeiros mandatos de Luiz In\u00e1cio Lula da Silva na Presid\u00eancia da Rep\u00fablica, Henrique Meirelles criticou os ataques do petista \u00e0 autoridade monet\u00e1ria. Nas elei\u00e7\u00f5es de 2022, ele apoiou a candidatura do petista. De acordo com o Meirelles, Lula deu um \u201ctiro no p\u00e9\u201d, ao reclamar do atual patamar da [&hellip;]<\/p>\n","protected":false},"author":2,"featured_media":14730,"comment_status":"open","ping_status":"open","sticky":false,"template":"","format":"standard","meta":[],"categories":[4],"tags":[13],"_links":{"self":[{"href":"https:\/\/dgospel.com.br\/portal\/index.php\/wp-json\/wp\/v2\/posts\/14729"}],"collection":[{"href":"https:\/\/dgospel.com.br\/portal\/index.php\/wp-json\/wp\/v2\/posts"}],"about":[{"href":"https:\/\/dgospel.com.br\/portal\/index.php\/wp-json\/wp\/v2\/types\/post"}],"author":[{"embeddable":true,"href":"https:\/\/dgospel.com.br\/portal\/index.php\/wp-json\/wp\/v2\/users\/2"}],"replies":[{"embeddable":true,"href":"https:\/\/dgospel.com.br\/portal\/index.php\/wp-json\/wp\/v2\/comments?post=14729"}],"version-history":[{"count":1,"href":"https:\/\/dgospel.com.br\/portal\/index.php\/wp-json\/wp\/v2\/posts\/14729\/revisions"}],"predecessor-version":[{"id":14731,"href":"https:\/\/dgospel.com.br\/portal\/index.php\/wp-json\/wp\/v2\/posts\/14729\/revisions\/14731"}],"wp:featuredmedia":[{"embeddable":true,"href":"https:\/\/dgospel.com.br\/portal\/index.php\/wp-json\/wp\/v2\/media\/14730"}],"wp:attachment":[{"href":"https:\/\/dgospel.com.br\/portal\/index.php\/wp-json\/wp\/v2\/media?parent=14729"}],"wp:term":[{"taxonomy":"category","embeddable":true,"href":"https:\/\/dgospel.com.br\/portal\/index.php\/wp-json\/wp\/v2\/categories?post=14729"},{"taxonomy":"post_tag","embeddable":true,"href":"https:\/\/dgospel.com.br\/portal\/index.php\/wp-json\/wp\/v2\/tags?post=14729"}],"curies":[{"name":"wp","href":"https:\/\/api.w.org\/{rel}","templated":true}]}}