{"id":14732,"date":"2023-02-13T15:44:30","date_gmt":"2023-02-13T18:44:30","guid":{"rendered":"http:\/\/dgospel.com.br\/portal\/?p=14732"},"modified":"2023-02-13T15:44:32","modified_gmt":"2023-02-13T18:44:32","slug":"pt-propoe-censurar-atas-da-camara-dos-deputados-por-constar-que-lula-e-bandido","status":"publish","type":"post","link":"https:\/\/dgospel.com.br\/portal\/index.php\/2023\/02\/13\/pt-propoe-censurar-atas-da-camara-dos-deputados-por-constar-que-lula-e-bandido\/","title":{"rendered":"PT prop\u00f5e censurar atas da C\u00e2mara dos Deputados por constar que Lula \u00e9 bandido"},"content":{"rendered":"\n<p>O deputado federal&nbsp;<a href=\"https:\/\/twitter.com\/marcelvanhattem?ref_src=twsrc%5Egoogle%7Ctwcamp%5Eserp%7Ctwgr%5Eauthor\" target=\"_blank\" rel=\"noreferrer noopener\"><strong>Marcel van Hattem (Novo-RS)<\/strong><\/a>&nbsp;criticou a proposta do PT de censurar atas da C\u00e2mara em que o presidente Lula \u00e9 chamado de \u201cbandido\u201d. \u201cSe dissermos que Lula \u00e9 honesto, a\u00ed, sim, estaremos cometendo&nbsp;<em>fake news<\/em>\u201c, disse o congressista, na sexta-feira 11. \u201cIsso \u00e9 um absurdo.\u201d<\/p>\n\n\n\n<p>Segundo van Hattem, a ideia partiu do deputado Tadeu Veneri (PT-PR), que ficou descontente com falas de colegas, segundo as quais Lula \u00e9 ladr\u00e3o.<\/p>\n\n\n\n<p>\u201cEsse \u00e9 o PT que adora bradar ser contra a censura, mas, na pr\u00e1tica, quer definir at\u00e9 o que voc\u00ea pode ou n\u00e3o dizer\u201d, disse Van Hattem.<\/p>\n\n\n\n<figure class=\"wp-block-embed is-type-video is-provider-youtube wp-block-embed-youtube wp-embed-aspect-16-9 wp-has-aspect-ratio\"><div class=\"wp-block-embed__wrapper\">\n<iframe loading=\"lazy\" title=\"PT AGORA QUER CENSURAR ATAS DAS SESS\u00d5ES PLEN\u00c1RIAS\" width=\"630\" height=\"354\" src=\"https:\/\/www.youtube.com\/embed\/s9yg1voIdOM?feature=oembed\" frameborder=\"0\" allow=\"accelerometer; autoplay; clipboard-write; encrypted-media; gyroscope; picture-in-picture; web-share\" allowfullscreen><\/iframe>\n<\/div><\/figure>\n\n\n\n<p>Desde a decis\u00e3o do ministro Luiz Edson Fachin, do Supremo Tribunal Federal, de determinar a incompet\u00eancia da vara federal de Curitiba para julgar Lula, a esquerda tem vendido a tese segundo a qual o petista \u00e9 inocente.<\/p>\n\n\n\n<p>Lula ficou preso por quase dois anos, na sede da Pol\u00edcia Federal, em Curitiba, por a\u00e7\u00f5es no \u00e2mbito da Lava Jato. Entre 2017 e 2019, o ex-presidente foi condenado por lavagem de dinheiro e corrup\u00e7\u00e3o passiva em tr\u00eas inst\u00e2ncias, julgado por nove ju\u00edzes, mas em 2021 teve as senten\u00e7as anuladas por Fachin, em raz\u00e3o de entendimento de erro processual por incompet\u00eancia de foro. Em janeiro deste ano, a 12\u00aa Vara Federal Criminal do Distrito Federal arquivou a\u00e7\u00e3o contra Lula, por causa da extin\u00e7\u00e3o da punibilidade por prescri\u00e7\u00e3o.<\/p>\n\n\n\n<p>Em junho de 2021, o&nbsp;<strong><a href=\"https:\/\/revistaoeste.com\/brasil\/stf-forma-maioria-pela-anulacao-de-condenacoes-de-lula-na-lava-jato\/\">STF<\/a><\/strong>&nbsp;considerou Sergio Moro parcial no caso do triplex e anulou tamb\u00e9m aquela condena\u00e7\u00e3o. O entendimento sobre a parcialidade se estendeu a outros processos, e todas as a\u00e7\u00f5es voltaram \u00e0 estaca zero. Os procedimentos n\u00e3o significam que o petista tenha sido absolvido, visto que as decis\u00f5es foram por anula\u00e7\u00e3o e arquivamento das senten\u00e7as.<\/p>\n\n\n\n<p>Das 11 acusa\u00e7\u00f5es mais conhecidas de que Lula foi alvo da Justi\u00e7a durante o per\u00edodo em que foi presidente da Rep\u00fablica, o petista s\u00f3 conseguiu ser absolvido em tr\u00eas, isso porque faltaram provas. As demais todas se incluem nos casos de arquivamentos, erros processuais ou foram suspensas.<\/p>\n","protected":false},"excerpt":{"rendered":"<p>O deputado federal&nbsp;Marcel van Hattem (Novo-RS)&nbsp;criticou a proposta do PT de censurar atas da C\u00e2mara em que o presidente Lula \u00e9 chamado de \u201cbandido\u201d. \u201cSe dissermos que Lula \u00e9 honesto, a\u00ed, sim, estaremos cometendo&nbsp;fake news\u201c, disse o congressista, na sexta-feira 11. \u201cIsso \u00e9 um absurdo.\u201d Segundo van Hattem, a ideia partiu do deputado Tadeu Veneri [&hellip;]<\/p>\n","protected":false},"author":2,"featured_media":14733,"comment_status":"open","ping_status":"open","sticky":false,"template":"","format":"standard","meta":[],"categories":[4],"tags":[],"_links":{"self":[{"href":"https:\/\/dgospel.com.br\/portal\/index.php\/wp-json\/wp\/v2\/posts\/14732"}],"collection":[{"href":"https:\/\/dgospel.com.br\/portal\/index.php\/wp-json\/wp\/v2\/posts"}],"about":[{"href":"https:\/\/dgospel.com.br\/portal\/index.php\/wp-json\/wp\/v2\/types\/post"}],"author":[{"embeddable":true,"href":"https:\/\/dgospel.com.br\/portal\/index.php\/wp-json\/wp\/v2\/users\/2"}],"replies":[{"embeddable":true,"href":"https:\/\/dgospel.com.br\/portal\/index.php\/wp-json\/wp\/v2\/comments?post=14732"}],"version-history":[{"count":1,"href":"https:\/\/dgospel.com.br\/portal\/index.php\/wp-json\/wp\/v2\/posts\/14732\/revisions"}],"predecessor-version":[{"id":14734,"href":"https:\/\/dgospel.com.br\/portal\/index.php\/wp-json\/wp\/v2\/posts\/14732\/revisions\/14734"}],"wp:featuredmedia":[{"embeddable":true,"href":"https:\/\/dgospel.com.br\/portal\/index.php\/wp-json\/wp\/v2\/media\/14733"}],"wp:attachment":[{"href":"https:\/\/dgospel.com.br\/portal\/index.php\/wp-json\/wp\/v2\/media?parent=14732"}],"wp:term":[{"taxonomy":"category","embeddable":true,"href":"https:\/\/dgospel.com.br\/portal\/index.php\/wp-json\/wp\/v2\/categories?post=14732"},{"taxonomy":"post_tag","embeddable":true,"href":"https:\/\/dgospel.com.br\/portal\/index.php\/wp-json\/wp\/v2\/tags?post=14732"}],"curies":[{"name":"wp","href":"https:\/\/api.w.org\/{rel}","templated":true}]}}