{"id":14735,"date":"2023-02-13T16:08:38","date_gmt":"2023-02-13T19:08:38","guid":{"rendered":"http:\/\/dgospel.com.br\/portal\/?p=14735"},"modified":"2023-02-13T16:08:39","modified_gmt":"2023-02-13T19:08:39","slug":"governo-do-tocantins-entrega-cestas-basicas-e-redes-de-pesca-para-indigenas-na-ilha-do-bananal","status":"publish","type":"post","link":"https:\/\/dgospel.com.br\/portal\/index.php\/2023\/02\/13\/governo-do-tocantins-entrega-cestas-basicas-e-redes-de-pesca-para-indigenas-na-ilha-do-bananal\/","title":{"rendered":"Governo do Tocantins entrega cestas b\u00e1sicas e redes de pesca para ind\u00edgenas na Ilha do Bananal"},"content":{"rendered":"\n<p>O governador Wanderlei Barbosa determinou a entrega de cestas b\u00e1sicas para cerca de 18 fam\u00edlias, atendendo em torno de 70 ind\u00edgenas da Aldeia Cachoeirinha, na Ilha do Bananal, al\u00e9m da devolu\u00e7\u00e3o das redes utilizadas por eles para pesca de subsist\u00eancia, que haviam sido apreendidas pelo Instituto Natureza do Tocantins (Naturatins) durante uma fiscaliza\u00e7\u00e3o de rotina.<\/p>\n\n\n\n<p>\u201cAs cestas b\u00e1sicas v\u00e3o garantir alimento e dignidade para os nossos ind\u00edgenas at\u00e9 que possam normalizar a obten\u00e7\u00e3o dos peixes para subsist\u00eancia\u201d, garantiu o Governador, que determinou ainda, ao presidente interino do Naturatins, Sergislei Moura, que busque um alinhamento entre o \u00f3rg\u00e3o estadual e os \u00f3rg\u00e3os federais, Funai e Ibama, para garantir a manuten\u00e7\u00e3o e o respeito ao modo de vida dos ind\u00edgenas.<\/p>\n\n\n\n<p>A entrega das cestas e das redes contou com apoio da Funda\u00e7\u00e3o Bradesco e foi realizada neste domingo, 12, pela secret\u00e1ria de Estado dos Povos Origin\u00e1rios e Tradicionais, Nar\u00fabia Werreri\u00e1. \u201cO governador Wanderlei Barbosa demonstrou sensibilidade e senso de urg\u00eancia ao determinar uma solu\u00e7\u00e3o imediata para o problema. Os povos ind\u00edgenas do Tocantins reconhecem nele um verdadeiro homem p\u00fablico, que se preocupa e cuida de todos os tocantinenses, em especial aqueles que mais precisam da prote\u00e7\u00e3o e ajuda do Estado\u201d, afirmou a secret\u00e1ria.<\/p>\n\n\n\n<p>Al\u00e9m dos secret\u00e1rios, tamb\u00e9m trabalharam para resolver a demanda o comandante-geral da Pol\u00edcia Militar, coronel Barbosa; o secret\u00e1rio interino de Estado do Trabalho e Desenvolvimento Social, J\u00falio Edstron; o comandante-geral do Corpo de Bombeiros, coronel Farias; o secret\u00e1rio de Estado do Meio Ambiente e Recursos H\u00eddricos, Marcelo L\u00e9lis; o secret\u00e1rio de Estado da Comunica\u00e7\u00e3o, M\u00e1rcio Rocha; o chefe de gabinete do Governador, Marcos Camilo; e o secret\u00e1rio-chefe da Casa Civil, Deocleciano Gomes.<\/p>\n\n\n\n<p>O cacique Ibederi Java\u00e9, da Aldeia Cachoeirinha, agradeceu o empenho do Governador. \u201cQuero agradecer ao governador Wanderlei Barbosa e \u00e0 secret\u00e1ria dos Povos Ind\u00edgenas, Narubia Werreri\u00e1, pela entrega das redes. Vai nos ajudar muito\u201d, afirmou.<\/p>\n\n\n\n<p><strong>Apreens\u00e3o<\/strong><\/p>\n\n\n\n<p>Segundo o Naturatins, a apreens\u00e3o das redes foi realizada ap\u00f3s elas terem sido encontradas na margem do rio, fora da terra ind\u00edgena e sem qualquer indica\u00e7\u00e3o que se tratava de material de propriedade dos ind\u00edgenas. \u201cAs opera\u00e7\u00f5es de fiscaliza\u00e7\u00e3o s\u00e3o feitas regularmente e visam garantir a reprodu\u00e7\u00e3o dos peixes no per\u00edodo da piracema, \u00e9poca em que eles sobem o rio para se reproduzir. N\u00e3o havia qualquer indica\u00e7\u00e3o de que o material pertencia aos ind\u00edgenas, al\u00e9m de estar na margem do rio, que fica fora da reserva\u201d, justificou o Instituto.<\/p>\n\n\n\n<p><img src=\"https:\/\/central.to.gov.br\/image\/318771?w=670&amp;h=383\"><\/p>\n\n\n\n<p>Foram beneficiadas cerca de 18 fam\u00edlias, atendendo em torno de 70 ind\u00edgenas da regi\u00e3o &#8211; Ademir dos Anjos\/Governo do Tocantins<\/p>\n\n\n\n<p><img src=\"https:\/\/central.to.gov.br\/image\/318770?w=670&amp;h=383\"><\/p>\n\n\n\n<p>Entrega das cestas e das redes foi realizada neste domingo, 12 &#8211; Ademir dos Anjos\/Governo do Tocantins\u00a0<\/p>\n\n\n\n<p><img src=\"https:\/\/central.to.gov.br\/image\/318768?w=670&amp;h=383\"><\/p>\n\n\n\n<p>Secret\u00e1ria dos Povos Origin\u00e1rios e Tradicionais, Nar\u00fabia Werreri\u00e1 realizou a entrega das cestas b\u00e1sicas &#8211; Ademir dos Anjos\/Governo do Tocantins\u00a0<\/p>\n","protected":false},"excerpt":{"rendered":"<p>O governador Wanderlei Barbosa determinou a entrega de cestas b\u00e1sicas para cerca de 18 fam\u00edlias, atendendo em torno de 70 ind\u00edgenas da Aldeia Cachoeirinha, na Ilha do Bananal, al\u00e9m da devolu\u00e7\u00e3o das redes utilizadas por eles para pesca de subsist\u00eancia, que haviam sido apreendidas pelo Instituto Natureza do Tocantins (Naturatins) durante uma fiscaliza\u00e7\u00e3o de rotina. [&hellip;]<\/p>\n","protected":false},"author":2,"featured_media":14736,"comment_status":"open","ping_status":"open","sticky":false,"template":"","format":"standard","meta":[],"categories":[3],"tags":[13],"_links":{"self":[{"href":"https:\/\/dgospel.com.br\/portal\/index.php\/wp-json\/wp\/v2\/posts\/14735"}],"collection":[{"href":"https:\/\/dgospel.com.br\/portal\/index.php\/wp-json\/wp\/v2\/posts"}],"about":[{"href":"https:\/\/dgospel.com.br\/portal\/index.php\/wp-json\/wp\/v2\/types\/post"}],"author":[{"embeddable":true,"href":"https:\/\/dgospel.com.br\/portal\/index.php\/wp-json\/wp\/v2\/users\/2"}],"replies":[{"embeddable":true,"href":"https:\/\/dgospel.com.br\/portal\/index.php\/wp-json\/wp\/v2\/comments?post=14735"}],"version-history":[{"count":1,"href":"https:\/\/dgospel.com.br\/portal\/index.php\/wp-json\/wp\/v2\/posts\/14735\/revisions"}],"predecessor-version":[{"id":14737,"href":"https:\/\/dgospel.com.br\/portal\/index.php\/wp-json\/wp\/v2\/posts\/14735\/revisions\/14737"}],"wp:featuredmedia":[{"embeddable":true,"href":"https:\/\/dgospel.com.br\/portal\/index.php\/wp-json\/wp\/v2\/media\/14736"}],"wp:attachment":[{"href":"https:\/\/dgospel.com.br\/portal\/index.php\/wp-json\/wp\/v2\/media?parent=14735"}],"wp:term":[{"taxonomy":"category","embeddable":true,"href":"https:\/\/dgospel.com.br\/portal\/index.php\/wp-json\/wp\/v2\/categories?post=14735"},{"taxonomy":"post_tag","embeddable":true,"href":"https:\/\/dgospel.com.br\/portal\/index.php\/wp-json\/wp\/v2\/tags?post=14735"}],"curies":[{"name":"wp","href":"https:\/\/api.w.org\/{rel}","templated":true}]}}