{"id":14738,"date":"2023-02-13T16:12:07","date_gmt":"2023-02-13T19:12:07","guid":{"rendered":"http:\/\/dgospel.com.br\/portal\/?p=14738"},"modified":"2023-02-13T16:12:09","modified_gmt":"2023-02-13T19:12:09","slug":"acoes-do-programa-tonoenem-da-secretaria-da-educacao-refletem-em-resultados-positivos-de-estudantes-na-redacao-do-enem","status":"publish","type":"post","link":"https:\/\/dgospel.com.br\/portal\/index.php\/2023\/02\/13\/acoes-do-programa-tonoenem-da-secretaria-da-educacao-refletem-em-resultados-positivos-de-estudantes-na-redacao-do-enem\/","title":{"rendered":"A\u00e7\u00f5es do programa #TONOENEM da Secretaria da Educa\u00e7\u00e3o refletem em resultados positivos de estudantes na reda\u00e7\u00e3o do Enem"},"content":{"rendered":"\n<p>A equipe gestora e pedag\u00f3gica do Centro de Ensino M\u00e9dio Darcy Marinho, de Tocantin\u00f3polis, comemora um resultado in\u00e9dito na institui\u00e7\u00e3o de ensino: o aumento do n\u00famero de estudantes que se destacaram na reda\u00e7\u00e3o do Exame Nacional do Ensino M\u00e9dio (Enem), edi\u00e7\u00e3o 2022. Cinco deles alcan\u00e7aram nota igual ou superior a 900 pontos e 12 alunos obtiveram 800 pontos ou mais na prova discursiva. O professor de Reda\u00e7\u00e3o e de L\u00edngua Portuguesa, Raimundo Vaney, explicou que os aul\u00f5es do programa&nbsp;<em>#TONOENEM<\/em>, da Secretaria de Estado da Educa\u00e7\u00e3o (Seduc), representaram um dos fatores que ajudaram a escola a alcan\u00e7ar esse sucesso.<\/p>\n\n\n\n<p><strong>Alunos que foram destaques<\/strong><\/p>\n\n\n\n<p>A estudante Geovana Caetano alcan\u00e7ou a nota 960 na reda\u00e7\u00e3o do Enem; T\u00e1rsis Wanderley Soares e Milena Sousa Silva conseguiram a nota 920, Eriklison Marciel Alves Bandeira Filho e Suzana Gomes fizeram 900 pontos. E somando com os estudantes que obtiveram notas igual e superior a 800 pontos, s\u00e3o 15 estudantes que se destacaram.<\/p>\n\n\n\n<p><strong>Aul\u00f5es do Enem<\/strong><\/p>\n\n\n\n<p>O professor Raimundo Vaney afirmou que a escola est\u00e1 comemorando esse resultado. \u201cEstamos muito felizes. \u00c9 motivo de orgulho e podemos dizer que s\u00e3o v\u00e1rios fatores que atribu\u00edmos como importantes para se alcan\u00e7ar esses resultados. Um deles est\u00e1 nos aul\u00f5es oferecidos pela Seduc, eu sou professor desses aul\u00f5es, depois tem o grupo do p\u00f3s-m\u00e9dio, que tamb\u00e9m organizou estudos mais intensivos\u201d, frisou.<\/p>\n\n\n\n<p>E sobre as aulas de reda\u00e7\u00e3o, o professor Raimundo contou que houve leituras compartilhadas e individuais dos textos nota mil das provas do Enem de anos anteriores. \u201cPassamos a analisar essas reda\u00e7\u00f5es, observando o que fez o estudante alcan\u00e7ar a nota m\u00e1xima. Acredito que esse exerc\u00edcio ajudou, e muito, os alunos na hora de fazer suas reda\u00e7\u00f5es\u201d, pontuou.<\/p>\n\n\n\n<p>A diretora Suelene Gomes Silva falou sobre o momento especial de valoriza\u00e7\u00e3o que toda a equipe da escola est\u00e1 vivendo. \u201cPela primeira vez, tivemos essas notas. Nos anos anteriores, os nossos estudantes tiraram notas 700 e pouqu\u00edssimos com 800. Nenhum deles tirou notas acima de 900 pontos\u201d, relatou.<\/p>\n\n\n\n<p>Suelene atribuiu esse sucesso ao planejamento bem articulado com a proposta pedag\u00f3gica da escola. \u201cO nosso trabalho iniciou com a realiza\u00e7\u00e3o do diagn\u00f3stico do desenvolvimento individual de cada estudante. Percebemos que muitos deles chegavam na 3\u00aa s\u00e9rie do ensino m\u00e9dio com notas 400 e 500 na reda\u00e7\u00e3o, ent\u00e3o, o professor elaborou estrat\u00e9gias de ensino para melhorar essa realidade. Al\u00e9m disso, houve o comprometimento do estudante e do professor, com a pedagogia da presen\u00e7a muito forte, como tamb\u00e9m o processo avaliativo que teve como base as cinco compet\u00eancias da reda\u00e7\u00e3o\u201d, esclareceu a diretora.<\/p>\n\n\n\n<p>O estudante \u00c9riklison Marcel comentou que estava estudando bastante para alcan\u00e7ar o resultado. \u201cEu me dediquei muito aos estudos durante o ano letivo. No ano passado, tinha tirado a nota 720 na reda\u00e7\u00e3o do Enem e queria melhorar. Atrav\u00e9s de muita pr\u00e1tica e estudos das compet\u00eancias do Enem, consegui aperfei\u00e7oar o meu texto e agora estou numa imensa satisfa\u00e7\u00e3o, porque todo o esfor\u00e7o valeu a pena\u201d, ressaltou.<\/p>\n\n\n\n<p>A aluna Suzana tamb\u00e9m comentou a alegria de ter alcan\u00e7ado a nota 900. \u201cEstou me sentindo realizada e agrade\u00e7o todo o apoio e o acompanhamento que recebemos na escola durante os tr\u00eas anos de ensino m\u00e9dio. Estou muito feliz\u201d, destacou.<\/p>\n\n\n\n<p><img src=\"https:\/\/central.to.gov.br\/image\/318854?w=670&amp;h=383\"><\/p>\n\n\n\n<p>Estudantes e educadores comemoram o resultado &#8211; Divulga\u00e7\u00e3o<\/p>\n\n\n\n<p><img src=\"https:\/\/central.to.gov.br\/image\/318848?w=670&amp;h=383\"><\/p>\n\n\n\n<p>Aluna Geovana alcan\u00e7ou a maior nota &#8211; Divulga\u00e7\u00e3o\u00a0<\/p>\n\n\n\n<p><img src=\"https:\/\/central.to.gov.br\/image\/318849?w=670&amp;h=383\"><\/p>\n\n\n\n<p>Professor Raimundo Vaney destacou o programa #TONOENEM &#8211; Divulga\u00e7\u00e3o<\/p>\n","protected":false},"excerpt":{"rendered":"<p>A equipe gestora e pedag\u00f3gica do Centro de Ensino M\u00e9dio Darcy Marinho, de Tocantin\u00f3polis, comemora um resultado in\u00e9dito na institui\u00e7\u00e3o de ensino: o aumento do n\u00famero de estudantes que se destacaram na reda\u00e7\u00e3o do Exame Nacional do Ensino M\u00e9dio (Enem), edi\u00e7\u00e3o 2022. Cinco deles alcan\u00e7aram nota igual ou superior a 900 pontos e 12 alunos [&hellip;]<\/p>\n","protected":false},"author":2,"featured_media":14739,"comment_status":"open","ping_status":"open","sticky":false,"template":"","format":"standard","meta":[],"categories":[3],"tags":[13],"_links":{"self":[{"href":"https:\/\/dgospel.com.br\/portal\/index.php\/wp-json\/wp\/v2\/posts\/14738"}],"collection":[{"href":"https:\/\/dgospel.com.br\/portal\/index.php\/wp-json\/wp\/v2\/posts"}],"about":[{"href":"https:\/\/dgospel.com.br\/portal\/index.php\/wp-json\/wp\/v2\/types\/post"}],"author":[{"embeddable":true,"href":"https:\/\/dgospel.com.br\/portal\/index.php\/wp-json\/wp\/v2\/users\/2"}],"replies":[{"embeddable":true,"href":"https:\/\/dgospel.com.br\/portal\/index.php\/wp-json\/wp\/v2\/comments?post=14738"}],"version-history":[{"count":1,"href":"https:\/\/dgospel.com.br\/portal\/index.php\/wp-json\/wp\/v2\/posts\/14738\/revisions"}],"predecessor-version":[{"id":14740,"href":"https:\/\/dgospel.com.br\/portal\/index.php\/wp-json\/wp\/v2\/posts\/14738\/revisions\/14740"}],"wp:featuredmedia":[{"embeddable":true,"href":"https:\/\/dgospel.com.br\/portal\/index.php\/wp-json\/wp\/v2\/media\/14739"}],"wp:attachment":[{"href":"https:\/\/dgospel.com.br\/portal\/index.php\/wp-json\/wp\/v2\/media?parent=14738"}],"wp:term":[{"taxonomy":"category","embeddable":true,"href":"https:\/\/dgospel.com.br\/portal\/index.php\/wp-json\/wp\/v2\/categories?post=14738"},{"taxonomy":"post_tag","embeddable":true,"href":"https:\/\/dgospel.com.br\/portal\/index.php\/wp-json\/wp\/v2\/tags?post=14738"}],"curies":[{"name":"wp","href":"https:\/\/api.w.org\/{rel}","templated":true}]}}