{"id":1474,"date":"2018-10-02T11:43:41","date_gmt":"2018-10-02T14:43:41","guid":{"rendered":"http:\/\/dgospel.com.br\/portal\/?p=1474"},"modified":"2018-10-02T11:43:41","modified_gmt":"2018-10-02T14:43:41","slug":"palmas-adere-ao-programa-cidade-amiga-do-idoso-e-fortalece-politicas-publicas-para-o-envelhecimento-saudavel","status":"publish","type":"post","link":"https:\/\/dgospel.com.br\/portal\/index.php\/2018\/10\/02\/palmas-adere-ao-programa-cidade-amiga-do-idoso-e-fortalece-politicas-publicas-para-o-envelhecimento-saudavel\/","title":{"rendered":"Palmas adere ao Programa Cidade Amiga do Idoso e fortalece pol\u00edticas p\u00fablicas para o envelhecimento saud\u00e1vel"},"content":{"rendered":"<div>\n<p class=\"yiv8696838331MsoNormal\">A prefeita Cinthia Ribeiro sancionou nesta segunda-feira, 1\u00ba de outubro, a Lei n\u00ba 2.403 que institui em Palmas o Programa Cidade Amiga do Idoso, com objetivo de incentivar medidas para um envelhecimento saud\u00e1vel e aumentar a qualidade de vida da pessoa idosa. A Lei j\u00e1 est\u00e1 em vigor e \u00e9 origin\u00e1ria do Projeto de Lei de n\u00ba 155\/2017.<\/p>\n<p class=\"yiv8696838331MsoNormal\">\n<p class=\"yiv8696838331MsoNormal\">O programa prev\u00ea o desenvolvimento, a valoriza\u00e7\u00e3o e os cuidados com a\u00e7\u00f5es nas \u00e1reas de acessibilidade, transporte, moradia, sa\u00fade, respeito e inclus\u00e3o social, comunica\u00e7\u00e3o e informa\u00e7\u00e3o, apoio comunit\u00e1rio, lazer, alimenta\u00e7\u00e3o nutricional, inclus\u00e3o no mercado de trabalho, educa\u00e7\u00e3o e cultura e o incentivo \u00e0 pr\u00e1tica de artesanato e outras atividades afins.<\/p>\n<p class=\"yiv8696838331MsoNormal\">\n<p class=\"yiv8696838331MsoNormal\">\u201cEstamos juntos para fazer construir uma cidade melhor e que garanta a qualidade de vida para nossos idosos, como j\u00e1 estamos fazendo a cada dia por meio dos Centros de Refer\u00eancia e Assist\u00eancia Social (Cras), o Parque da Pessoa Idosa, pelas a\u00e7\u00f5es do Conselho Municipal dos Direitos da Pessoa Idosa de Palmas (Comdipi), dentre outras iniciativas\u201d, destaca a prefeita.<\/p>\n<p class=\"yiv8696838331MsoNormal\">\n<p class=\"yiv8696838331MsoNormal\">A presidente do Comdipi, Simone Fontenelle, avalia como uma iniciativa louv\u00e1vel e destaca que a implementa\u00e7\u00e3o do Programa Cidade Amiga do Idoso faz parte dos requisitos previstos pela Estrat\u00e9gia Brasil Amigo da Pessoa Idosa (Ebapi), que faz parte da realidade de Palmas desde maio, quando o munic\u00edpio aderiu \u00e0 iniciativa do Minist\u00e9rio do Desenvolvimento Social (MDS). \u201cO Ebapi prev\u00ea a\u00e7\u00f5es voltadas para as pessoas com mais de 60 anos e que estejam inscritas no Cadastro \u00danico para programas do governo federal\u201d, esclarece.<\/p>\n<\/div>\n<div><\/div>\n<p>&#8212;<\/p>\n","protected":false},"excerpt":{"rendered":"<p>A prefeita Cinthia Ribeiro sancionou nesta segunda-feira, 1\u00ba de outubro, a Lei n\u00ba 2.403 que institui em Palmas o Programa Cidade Amiga do Idoso, com objetivo de incentivar medidas para um envelhecimento saud\u00e1vel e aumentar a qualidade de vida da pessoa idosa. A Lei j\u00e1 est\u00e1 em vigor e \u00e9 origin\u00e1ria do Projeto de Lei [&hellip;]<\/p>\n","protected":false},"author":2,"featured_media":1475,"comment_status":"open","ping_status":"open","sticky":false,"template":"","format":"standard","meta":[],"categories":[2,3],"tags":[],"_links":{"self":[{"href":"https:\/\/dgospel.com.br\/portal\/index.php\/wp-json\/wp\/v2\/posts\/1474"}],"collection":[{"href":"https:\/\/dgospel.com.br\/portal\/index.php\/wp-json\/wp\/v2\/posts"}],"about":[{"href":"https:\/\/dgospel.com.br\/portal\/index.php\/wp-json\/wp\/v2\/types\/post"}],"author":[{"embeddable":true,"href":"https:\/\/dgospel.com.br\/portal\/index.php\/wp-json\/wp\/v2\/users\/2"}],"replies":[{"embeddable":true,"href":"https:\/\/dgospel.com.br\/portal\/index.php\/wp-json\/wp\/v2\/comments?post=1474"}],"version-history":[{"count":1,"href":"https:\/\/dgospel.com.br\/portal\/index.php\/wp-json\/wp\/v2\/posts\/1474\/revisions"}],"predecessor-version":[{"id":1476,"href":"https:\/\/dgospel.com.br\/portal\/index.php\/wp-json\/wp\/v2\/posts\/1474\/revisions\/1476"}],"wp:featuredmedia":[{"embeddable":true,"href":"https:\/\/dgospel.com.br\/portal\/index.php\/wp-json\/wp\/v2\/media\/1475"}],"wp:attachment":[{"href":"https:\/\/dgospel.com.br\/portal\/index.php\/wp-json\/wp\/v2\/media?parent=1474"}],"wp:term":[{"taxonomy":"category","embeddable":true,"href":"https:\/\/dgospel.com.br\/portal\/index.php\/wp-json\/wp\/v2\/categories?post=1474"},{"taxonomy":"post_tag","embeddable":true,"href":"https:\/\/dgospel.com.br\/portal\/index.php\/wp-json\/wp\/v2\/tags?post=1474"}],"curies":[{"name":"wp","href":"https:\/\/api.w.org\/{rel}","templated":true}]}}