{"id":14741,"date":"2023-02-13T16:14:51","date_gmt":"2023-02-13T19:14:51","guid":{"rendered":"http:\/\/dgospel.com.br\/portal\/?p=14741"},"modified":"2023-02-13T16:14:52","modified_gmt":"2023-02-13T19:14:52","slug":"governador-wanderlei-barbosa-inaugura-obras-da-educacao-em-araguaina-e-colinas-nesta-terca-14","status":"publish","type":"post","link":"https:\/\/dgospel.com.br\/portal\/index.php\/2023\/02\/13\/governador-wanderlei-barbosa-inaugura-obras-da-educacao-em-araguaina-e-colinas-nesta-terca-14\/","title":{"rendered":"Governador Wanderlei Barbosa inaugura obras da educa\u00e7\u00e3o em Aragua\u00edna e Colinas nesta ter\u00e7a, 14"},"content":{"rendered":"\n<p>O governador do Tocantins, Wanderlei Barbosa, inaugura nesta ter\u00e7a-feira, 14, a Escola Estadual de Tempo Integral (ETI) Domingos da Cruz Machado, em Aragua\u00edna, e as obras da reforma da Diretoria Regional de Educa\u00e7\u00e3o (DRE) de Colinas. Ainda na regi\u00e3o norte do Estado, o Chefe do Executivo visitar\u00e1 as obras de reforma dos Centros de Ensino M\u00e9dio (CEM) Castelo Branco, em Aragua\u00edna, e outro, em Colinas.<\/p>\n\n\n\n<p>A inaugura\u00e7\u00e3o da ETI Domingos da Cruz Machado est\u00e1 prevista para ocorrer \u00e0s 10 horas da manh\u00e3. Localizada no Setor Nova Aragua\u00edna, a Escola recebeu investimento de R$ 22 milh\u00f5es. Com \u00e1rea total de 8.938,69 m\u00b2, a unidade escolar \u00e9 formada por: \u00e1rea administrativa; 21 salas de aula, al\u00e9m da sala de m\u00fasica, sala multiuso e banheiros de alunos; biblioteca; seis laborat\u00f3rios (f\u00edsica\/qu\u00edmica, biologia\/ci\u00eancias, dois de inform\u00e1tica e dois de l\u00ednguas); refeit\u00f3rio; quadra poliesportiva coberta; bloco esportivo; audit\u00f3rio com 2 camarins, banheiros, palco, foyer e hall; e piscina com seis raias semiol\u00edmpicas e com arquibancada.<\/p>\n\n\n\n<p>Ainda em Aragua\u00edna, Wanderlei Barbosa visitar\u00e1 as obras no CEM Castelo Branco, localizado na Rua 6, Vila Alian\u00e7a. Com a reforma, a unidade receber\u00e1 refeit\u00f3rio climatizado padr\u00e3o, central GLP, dep\u00f3sito de lixo org\u00e2nico e recicl\u00e1vel, paisagismo e melhorias pontuais como rede el\u00e9trica, pintura geral e instala\u00e7\u00e3o de sistemas de prote\u00e7\u00e3o contra inc\u00eandio. O valor destinado para essas obras \u00e9 de quase R$ 3 milh\u00f5es.<\/p>\n\n\n\n<p><strong>Colinas<\/strong><\/p>\n\n\n\n<p>O Governador tamb\u00e9m ir\u00e1 entregar a reforma da sede da Diretoria Regional de Educa\u00e7\u00e3o (DRE) de Colinas. Entre as a\u00e7\u00f5es previstas, estavam pintura interna e externa, manuten\u00e7\u00e3o do telhado e dos banheiros, al\u00e9m da troca do forro de madeira por PVC, amplia\u00e7\u00e3o da sala de reuni\u00e3o, pintura interna e externa das cal\u00e7adas e cobertura da passarela de entrada. O investimento para esta reforma ser\u00e1 de R$ 1 milh\u00e3o. Finalizando sua visita em Colinas, Wanderlei Barbosa inspecionar\u00e1 as obras de reforma do Centro de Ensino M\u00e9dio Castelo Branco, na Avenida Tocantins, no setor Rodovi\u00e1rio.<\/p>\n","protected":false},"excerpt":{"rendered":"<p>O governador do Tocantins, Wanderlei Barbosa, inaugura nesta ter\u00e7a-feira, 14, a Escola Estadual de Tempo Integral (ETI) Domingos da Cruz Machado, em Aragua\u00edna, e as obras da reforma da Diretoria Regional de Educa\u00e7\u00e3o (DRE) de Colinas. Ainda na regi\u00e3o norte do Estado, o Chefe do Executivo visitar\u00e1 as obras de reforma dos Centros de Ensino [&hellip;]<\/p>\n","protected":false},"author":2,"featured_media":14742,"comment_status":"open","ping_status":"open","sticky":false,"template":"","format":"standard","meta":[],"categories":[3],"tags":[13],"_links":{"self":[{"href":"https:\/\/dgospel.com.br\/portal\/index.php\/wp-json\/wp\/v2\/posts\/14741"}],"collection":[{"href":"https:\/\/dgospel.com.br\/portal\/index.php\/wp-json\/wp\/v2\/posts"}],"about":[{"href":"https:\/\/dgospel.com.br\/portal\/index.php\/wp-json\/wp\/v2\/types\/post"}],"author":[{"embeddable":true,"href":"https:\/\/dgospel.com.br\/portal\/index.php\/wp-json\/wp\/v2\/users\/2"}],"replies":[{"embeddable":true,"href":"https:\/\/dgospel.com.br\/portal\/index.php\/wp-json\/wp\/v2\/comments?post=14741"}],"version-history":[{"count":1,"href":"https:\/\/dgospel.com.br\/portal\/index.php\/wp-json\/wp\/v2\/posts\/14741\/revisions"}],"predecessor-version":[{"id":14743,"href":"https:\/\/dgospel.com.br\/portal\/index.php\/wp-json\/wp\/v2\/posts\/14741\/revisions\/14743"}],"wp:featuredmedia":[{"embeddable":true,"href":"https:\/\/dgospel.com.br\/portal\/index.php\/wp-json\/wp\/v2\/media\/14742"}],"wp:attachment":[{"href":"https:\/\/dgospel.com.br\/portal\/index.php\/wp-json\/wp\/v2\/media?parent=14741"}],"wp:term":[{"taxonomy":"category","embeddable":true,"href":"https:\/\/dgospel.com.br\/portal\/index.php\/wp-json\/wp\/v2\/categories?post=14741"},{"taxonomy":"post_tag","embeddable":true,"href":"https:\/\/dgospel.com.br\/portal\/index.php\/wp-json\/wp\/v2\/tags?post=14741"}],"curies":[{"name":"wp","href":"https:\/\/api.w.org\/{rel}","templated":true}]}}