{"id":14753,"date":"2023-02-13T16:40:15","date_gmt":"2023-02-13T19:40:15","guid":{"rendered":"http:\/\/dgospel.com.br\/portal\/?p=14753"},"modified":"2023-02-13T16:40:16","modified_gmt":"2023-02-13T19:40:16","slug":"flamengo-grupo-lgbt-pede-indenizacao-milionaria-por-time-nao-usar-a-camisa-24","status":"publish","type":"post","link":"https:\/\/dgospel.com.br\/portal\/index.php\/2023\/02\/13\/flamengo-grupo-lgbt-pede-indenizacao-milionaria-por-time-nao-usar-a-camisa-24\/","title":{"rendered":"Flamengo: grupo LGBT+ pede indeniza\u00e7\u00e3o milion\u00e1ria por time n\u00e3o usar a camisa 24"},"content":{"rendered":"\n<p>O grupo&nbsp;<strong><a href=\"https:\/\/www.arco-iris.org.br\/\" target=\"_blank\" rel=\"noreferrer noopener\">Arco-\u00cdris de Cidadania LGBT+<\/a><\/strong>&nbsp;voltou a acionar a Justi\u00e7a do Rio de Janeiro contra o Flamengo, por causa da aus\u00eancia da camisa 24 para uso de jogadores da Copinha. Na a\u00e7\u00e3o, protocolada na sexta-feira 10, o ajuntamento acusa o clube de \u201cviola\u00e7\u00e3o de direitos humanos\u201d e \u201chomofobia\u201d.<\/p>\n\n\n\n<p>A pe\u00e7a cita ainda falas de \u00c2ngela Landim Machado, uma diretora do Flamengo, consideradas preconceituosas pelos militantes. \u201cGanhamos onde se produz, perdemos onde se passam f\u00e9rias\u201d, disse a mulher na internet, sobre as elei\u00e7\u00f5es 2022. \u201cBora trabalhar, porque se o gado morre, o carrapato passa fome.\u201d<\/p>\n\n\n\n<p>Dessa forma, o Arco-\u00cdris solicitou R$ 1 milh\u00e3o de indeniza\u00e7\u00e3o.<\/p>\n\n\n\n<p>N\u00e3o \u00e9 a primeira a\u00e7\u00e3o judicial levantada pelo grupo. Em 2021, os militantes cobraram um posicionamento do Flamengo sobre o clube n\u00e3o usar o n\u00famero 24 em competi\u00e7\u00f5es oficiais.<\/p>\n\n\n\n<p>\u201c\u00c9 de ressaltar que o Flamengo \u00e9 uma entidade privada, que n\u00e3o se encontra obrigada a prestar qualquer esclarecimento \u00e0 associa\u00e7\u00e3o civil requerente, que, por sua vez, tamb\u00e9m n\u00e3o possui legitimidade para exigir tais esclarecimentos, nem tampouco contestar atos e assuntos internos do clube\u201d, rebateu o Flamengo, na ocasi\u00e3o.<\/p>\n\n\n\n<p>Adiante, o clube observou que \u201cn\u00e3o h\u00e1 quaisquer lei, norma ou regulamenta\u00e7\u00e3o que imponham ao clube ou aos seus atletas o uso do n\u00famero 24 na camisa de jogo, de forma que a tentativa de imposi\u00e7\u00e3o por parte da requerente configura manifesta afronta ao princ\u00edpio da legalidade, que determina que \u2018ningu\u00e9m ser\u00e1 obrigado a fazer ou deixar de fazer alguma coisa se n\u00e3o em virtude de lei&#8217;\u201d.<\/p>\n","protected":false},"excerpt":{"rendered":"<p>O grupo&nbsp;Arco-\u00cdris de Cidadania LGBT+&nbsp;voltou a acionar a Justi\u00e7a do Rio de Janeiro contra o Flamengo, por causa da aus\u00eancia da camisa 24 para uso de jogadores da Copinha. Na a\u00e7\u00e3o, protocolada na sexta-feira 10, o ajuntamento acusa o clube de \u201cviola\u00e7\u00e3o de direitos humanos\u201d e \u201chomofobia\u201d. A pe\u00e7a cita ainda falas de \u00c2ngela Landim [&hellip;]<\/p>\n","protected":false},"author":2,"featured_media":14754,"comment_status":"open","ping_status":"open","sticky":false,"template":"","format":"standard","meta":[],"categories":[10],"tags":[],"_links":{"self":[{"href":"https:\/\/dgospel.com.br\/portal\/index.php\/wp-json\/wp\/v2\/posts\/14753"}],"collection":[{"href":"https:\/\/dgospel.com.br\/portal\/index.php\/wp-json\/wp\/v2\/posts"}],"about":[{"href":"https:\/\/dgospel.com.br\/portal\/index.php\/wp-json\/wp\/v2\/types\/post"}],"author":[{"embeddable":true,"href":"https:\/\/dgospel.com.br\/portal\/index.php\/wp-json\/wp\/v2\/users\/2"}],"replies":[{"embeddable":true,"href":"https:\/\/dgospel.com.br\/portal\/index.php\/wp-json\/wp\/v2\/comments?post=14753"}],"version-history":[{"count":1,"href":"https:\/\/dgospel.com.br\/portal\/index.php\/wp-json\/wp\/v2\/posts\/14753\/revisions"}],"predecessor-version":[{"id":14755,"href":"https:\/\/dgospel.com.br\/portal\/index.php\/wp-json\/wp\/v2\/posts\/14753\/revisions\/14755"}],"wp:featuredmedia":[{"embeddable":true,"href":"https:\/\/dgospel.com.br\/portal\/index.php\/wp-json\/wp\/v2\/media\/14754"}],"wp:attachment":[{"href":"https:\/\/dgospel.com.br\/portal\/index.php\/wp-json\/wp\/v2\/media?parent=14753"}],"wp:term":[{"taxonomy":"category","embeddable":true,"href":"https:\/\/dgospel.com.br\/portal\/index.php\/wp-json\/wp\/v2\/categories?post=14753"},{"taxonomy":"post_tag","embeddable":true,"href":"https:\/\/dgospel.com.br\/portal\/index.php\/wp-json\/wp\/v2\/tags?post=14753"}],"curies":[{"name":"wp","href":"https:\/\/api.w.org\/{rel}","templated":true}]}}