{"id":14756,"date":"2023-02-15T10:19:33","date_gmt":"2023-02-15T13:19:33","guid":{"rendered":"http:\/\/dgospel.com.br\/portal\/?p=14756"},"modified":"2023-02-15T10:19:34","modified_gmt":"2023-02-15T13:19:34","slug":"deputado-gipao-realiza-culto-semanal-em-seu-gabinete","status":"publish","type":"post","link":"https:\/\/dgospel.com.br\/portal\/index.php\/2023\/02\/15\/deputado-gipao-realiza-culto-semanal-em-seu-gabinete\/","title":{"rendered":"Deputado Gip\u00e3o realiza culto semanal em seu gabinete"},"content":{"rendered":"\n<p>O deputado estadual Aldair da Costa Sousa (Gip\u00e3o), realiza culto em seu gabinete todas as ter\u00e7as-feiras. O devocional acontece das 08:00 \u00e0s 09:00hs, e \u00e9 um momento de louvor, ora\u00e7\u00e3o e ministra\u00e7\u00e3o da Palavra de Deus.<\/p>\n\n\n\n<p><\/p>\n\n\n\n<figure class=\"wp-block-image size-large\"><img loading=\"lazy\" width=\"1024\" height=\"768\" src=\"http:\/\/dgospel.com.br\/portal\/wp-content\/uploads\/2023\/02\/00000-2-1024x768.jpg\" alt=\"\" class=\"wp-image-14758\" srcset=\"https:\/\/dgospel.com.br\/portal\/wp-content\/uploads\/2023\/02\/00000-2-1024x768.jpg 1024w, https:\/\/dgospel.com.br\/portal\/wp-content\/uploads\/2023\/02\/00000-2-300x225.jpg 300w, https:\/\/dgospel.com.br\/portal\/wp-content\/uploads\/2023\/02\/00000-2-768x576.jpg 768w, https:\/\/dgospel.com.br\/portal\/wp-content\/uploads\/2023\/02\/00000-2-1536x1152.jpg 1536w, https:\/\/dgospel.com.br\/portal\/wp-content\/uploads\/2023\/02\/00000-2.jpg 1600w\" sizes=\"(max-width: 1024px) 100vw, 1024px\" \/><figcaption>Pr. Josivan Gomes ministrando a Palavra de Deus <\/figcaption><\/figure>\n\n\n\n<p>Nesta ter\u00e7a-feira, 14, o devocional foi conduzido pelo pastor Josivan Gomes, presidente da Assembleia de Deus CIADSETA no Aureny 4, em Palmas. Na oportunidade a cantora Camila Freitas com muita gra\u00e7a ministrou o louvor.<\/p>\n\n\n\n<p><\/p>\n\n\n\n<figure class=\"wp-block-image size-large\"><img loading=\"lazy\" width=\"1024\" height=\"768\" src=\"http:\/\/dgospel.com.br\/portal\/wp-content\/uploads\/2023\/02\/000000-1024x768.jpg\" alt=\"\" class=\"wp-image-14759\" srcset=\"https:\/\/dgospel.com.br\/portal\/wp-content\/uploads\/2023\/02\/000000-1024x768.jpg 1024w, https:\/\/dgospel.com.br\/portal\/wp-content\/uploads\/2023\/02\/000000-300x225.jpg 300w, https:\/\/dgospel.com.br\/portal\/wp-content\/uploads\/2023\/02\/000000-768x576.jpg 768w, https:\/\/dgospel.com.br\/portal\/wp-content\/uploads\/2023\/02\/000000-1536x1152.jpg 1536w, https:\/\/dgospel.com.br\/portal\/wp-content\/uploads\/2023\/02\/000000.jpg 1600w\" sizes=\"(max-width: 1024px) 100vw, 1024px\" \/><\/figure>\n\n\n\n<p>\u201cParabenizo o deputado Gip\u00e3o por essa iniciativa, de estar realizando um culto semanal em seu gabinete, isso \u00e9 louv\u00e1vel, \u00e9 uma forma de gratid\u00e3o a Deus por conquistar uma cadeira nesta Casa de Leis, e ao mesmo tempo pedir a Deus a orienta\u00e7\u00e3o em suas a\u00e7\u00f5es e decis\u00f5es\u201d, disse o pastor Josivan.<\/p>\n\n\n\n<p>Participam do culto toda equipe do deputado e os que visita o gabinete no momento do devocional. &nbsp;<\/p>\n\n\n\n<p>O deputado Gip\u00e3o \u00e9 membro da Assembleia de Deus Ciadseta em Aragua\u00edna, e foi um dos candidatos oficiais do minist\u00e9rio e obteve a maior parte dos apoios entre lideran\u00e7as e pastores nas diversas cidades em que a igreja est\u00e1 presente.<\/p>\n\n\n\n<p>Gip\u00e3o ingressou na pol\u00edtica em 1999. Foi vereador por cinco mandatos em Aragua\u00edna. Foi presidente da C\u00e2mara Municipal nos anos de 2005-2006 e 2019-2020 e secret\u00e1rio municipal em duas pastas: Secretaria de A\u00e7\u00e3o Social e de Ci\u00eancia e Tecnologia.<\/p>\n\n\n\n<p>&nbsp;Eleito em 2022, o parlamentar tomou posse em primeiro de fevereiro deste ano para o seu primeiro mandato de deputado estadual.<\/p>\n\n\n\n<h3><\/h3>\n","protected":false},"excerpt":{"rendered":"<p>O deputado estadual Aldair da Costa Sousa (Gip\u00e3o), realiza culto em seu gabinete todas as ter\u00e7as-feiras. O devocional acontece das 08:00 \u00e0s 09:00hs, e \u00e9 um momento de louvor, ora\u00e7\u00e3o e ministra\u00e7\u00e3o da Palavra de Deus. Nesta ter\u00e7a-feira, 14, o devocional foi conduzido pelo pastor Josivan Gomes, presidente da Assembleia de Deus CIADSETA no Aureny [&hellip;]<\/p>\n","protected":false},"author":2,"featured_media":14757,"comment_status":"open","ping_status":"open","sticky":false,"template":"","format":"standard","meta":[],"categories":[5],"tags":[],"_links":{"self":[{"href":"https:\/\/dgospel.com.br\/portal\/index.php\/wp-json\/wp\/v2\/posts\/14756"}],"collection":[{"href":"https:\/\/dgospel.com.br\/portal\/index.php\/wp-json\/wp\/v2\/posts"}],"about":[{"href":"https:\/\/dgospel.com.br\/portal\/index.php\/wp-json\/wp\/v2\/types\/post"}],"author":[{"embeddable":true,"href":"https:\/\/dgospel.com.br\/portal\/index.php\/wp-json\/wp\/v2\/users\/2"}],"replies":[{"embeddable":true,"href":"https:\/\/dgospel.com.br\/portal\/index.php\/wp-json\/wp\/v2\/comments?post=14756"}],"version-history":[{"count":1,"href":"https:\/\/dgospel.com.br\/portal\/index.php\/wp-json\/wp\/v2\/posts\/14756\/revisions"}],"predecessor-version":[{"id":14760,"href":"https:\/\/dgospel.com.br\/portal\/index.php\/wp-json\/wp\/v2\/posts\/14756\/revisions\/14760"}],"wp:featuredmedia":[{"embeddable":true,"href":"https:\/\/dgospel.com.br\/portal\/index.php\/wp-json\/wp\/v2\/media\/14757"}],"wp:attachment":[{"href":"https:\/\/dgospel.com.br\/portal\/index.php\/wp-json\/wp\/v2\/media?parent=14756"}],"wp:term":[{"taxonomy":"category","embeddable":true,"href":"https:\/\/dgospel.com.br\/portal\/index.php\/wp-json\/wp\/v2\/categories?post=14756"},{"taxonomy":"post_tag","embeddable":true,"href":"https:\/\/dgospel.com.br\/portal\/index.php\/wp-json\/wp\/v2\/tags?post=14756"}],"curies":[{"name":"wp","href":"https:\/\/api.w.org\/{rel}","templated":true}]}}