{"id":14761,"date":"2023-02-15T10:27:54","date_gmt":"2023-02-15T13:27:54","guid":{"rendered":"http:\/\/dgospel.com.br\/portal\/?p=14761"},"modified":"2023-02-15T10:27:55","modified_gmt":"2023-02-15T13:27:55","slug":"vice-governador-laurez-moreira-se-reune-com-presidentes-da-camara-arthur-lira-e-do-senado-rodrigo-pacheco-em-brasilia","status":"publish","type":"post","link":"https:\/\/dgospel.com.br\/portal\/index.php\/2023\/02\/15\/vice-governador-laurez-moreira-se-reune-com-presidentes-da-camara-arthur-lira-e-do-senado-rodrigo-pacheco-em-brasilia\/","title":{"rendered":"Vice-governador Laurez Moreira se re\u00fane com presidentes da C\u00e2mara, Arthur Lira e do Senado, Rodrigo Pacheco, em Bras\u00edlia"},"content":{"rendered":"\n<p>Cumprindo agenda em Bras\u00edlia como parte da comiss\u00e3o do F\u00f3rum de Governadores, o vice-governador do Tocantins, Laurez Moreira, acompanhado do secret\u00e1rio de Estado da Fazenda, J\u00falio Edstron Secundino, participou na manh\u00e3 desta ter\u00e7a-feira, 14, de reuni\u00f5es com os presidentes da C\u00e2mara Federal, Arthur Lira, e do Senado, Rodrigo Pacheco.<\/p>\n\n\n\n<p>Juntamente com governadores dos demais estados brasileiros e representantes do Comit\u00ea Nacional dos Secret\u00e1rios de Fazenda dos Estados do Distrito Federal (Comsefaz), o vice-governador Laurez Moreira tratou sobre a reforma tribut\u00e1ria e solicitou o apoio do Legislativo para buscar formas de compensa\u00e7\u00e3o financeira aos estados.<\/p>\n\n\n\n<p>O vice-governador avaliou as reuni\u00f5es de forma positiva. \u201cForam duas reuni\u00f5es muito importantes. Discutimos assuntos que dizem respeito a todos os estados brasileiros e sa\u00edmos daqui muito animados, com a expectativa de que aliados aos Poderes chegaremos a um resultado favor\u00e1vel a todos, principalmente para a comunidade\u201d, avaliou Laurez Moreira.<\/p>\n\n\n\n<p><strong>Senado<\/strong><\/p>\n\n\n\n<p>O presidente do Senado, Rodrigo Pacheco, afirmou que \u201cacompanha de perto as tratativas dos governadores que buscam compatibilizar os termos do acordo com as necessidades or\u00e7ament\u00e1rias dos Estados, mas sem que isso tenha impacto nas tarifas e prejudique os consumidores e que h\u00e1 consensos em rela\u00e7\u00e3o a pontos importantes, em benef\u00edcio da seguran\u00e7a jur\u00eddica\u201d.<\/p>\n\n\n\n<p><strong>Comiss\u00e3o de governadores<\/strong><\/p>\n\n\n\n<p>Participaram das reuni\u00f5es a governadora em exerc\u00edcio do Distrito Federal (DF), Celina Le\u00e3o; o governador do Amazonas, Wilson Lima; de Goi\u00e1s, Ronaldo Caiado; do Piau\u00ed, Rafael Fonteles; e do Rio Grande do Norte, F\u00e1tima Bezerra. Tamb\u00e9m estavam presentes a vice-presidente da Comsefaz, Cristiane Schmidt e a procuradora-geral do DF, Ludmila Lavocat Galv\u00e3o.<\/p>\n\n\n\n<p><img src=\"https:\/\/central.to.gov.br\/image\/319055?w=670&amp;h=383\"><\/p>\n\n\n\n<p>Vice-governador Laurez Moreira ao lado do presidente do Senado, Rodrigo Pacheco &#8211; Bruno Maia\/Governo do Tocantins\u00a0<\/p>\n\n\n\n<p><img src=\"https:\/\/central.to.gov.br\/image\/319056?w=670&amp;h=383\"><\/p>\n\n\n\n<p>Comiss\u00e3o de governadores discutem demandas em comum dos estados durante reuni\u00e3o com o presidente da C\u00e2mara Federal &#8211; Bruno Maia\/Governo do Tocantins\u00a0<\/p>\n\n\n\n<p><img src=\"https:\/\/central.to.gov.br\/image\/319057?w=670&amp;h=383\"><\/p>\n\n\n\n<p>Recomposi\u00e7\u00e3o das receitas dos estados foi um dos temas da reuni\u00e3o com o presidente do Senado &#8211; Bruno Maia\/Governo do Tocantins\u00a0<\/p>\n\n\n\n<p><img src=\"https:\/\/central.to.gov.br\/image\/319058?w=670&amp;h=383\"><\/p>\n\n\n\n<p>Vice-governador Laurez Moreira acompanhado do secret\u00e1rio de Estado da Fazenda, J\u00falio Edstron Secundino &#8211; Bruno Maia\/Governo do Tocantins<\/p>\n","protected":false},"excerpt":{"rendered":"<p>Cumprindo agenda em Bras\u00edlia como parte da comiss\u00e3o do F\u00f3rum de Governadores, o vice-governador do Tocantins, Laurez Moreira, acompanhado do secret\u00e1rio de Estado da Fazenda, J\u00falio Edstron Secundino, participou na manh\u00e3 desta ter\u00e7a-feira, 14, de reuni\u00f5es com os presidentes da C\u00e2mara Federal, Arthur Lira, e do Senado, Rodrigo Pacheco. Juntamente com governadores dos demais estados [&hellip;]<\/p>\n","protected":false},"author":2,"featured_media":14762,"comment_status":"open","ping_status":"open","sticky":false,"template":"","format":"standard","meta":[],"categories":[3],"tags":[13],"_links":{"self":[{"href":"https:\/\/dgospel.com.br\/portal\/index.php\/wp-json\/wp\/v2\/posts\/14761"}],"collection":[{"href":"https:\/\/dgospel.com.br\/portal\/index.php\/wp-json\/wp\/v2\/posts"}],"about":[{"href":"https:\/\/dgospel.com.br\/portal\/index.php\/wp-json\/wp\/v2\/types\/post"}],"author":[{"embeddable":true,"href":"https:\/\/dgospel.com.br\/portal\/index.php\/wp-json\/wp\/v2\/users\/2"}],"replies":[{"embeddable":true,"href":"https:\/\/dgospel.com.br\/portal\/index.php\/wp-json\/wp\/v2\/comments?post=14761"}],"version-history":[{"count":1,"href":"https:\/\/dgospel.com.br\/portal\/index.php\/wp-json\/wp\/v2\/posts\/14761\/revisions"}],"predecessor-version":[{"id":14763,"href":"https:\/\/dgospel.com.br\/portal\/index.php\/wp-json\/wp\/v2\/posts\/14761\/revisions\/14763"}],"wp:featuredmedia":[{"embeddable":true,"href":"https:\/\/dgospel.com.br\/portal\/index.php\/wp-json\/wp\/v2\/media\/14762"}],"wp:attachment":[{"href":"https:\/\/dgospel.com.br\/portal\/index.php\/wp-json\/wp\/v2\/media?parent=14761"}],"wp:term":[{"taxonomy":"category","embeddable":true,"href":"https:\/\/dgospel.com.br\/portal\/index.php\/wp-json\/wp\/v2\/categories?post=14761"},{"taxonomy":"post_tag","embeddable":true,"href":"https:\/\/dgospel.com.br\/portal\/index.php\/wp-json\/wp\/v2\/tags?post=14761"}],"curies":[{"name":"wp","href":"https:\/\/api.w.org\/{rel}","templated":true}]}}