{"id":14764,"date":"2023-02-15T10:31:22","date_gmt":"2023-02-15T13:31:22","guid":{"rendered":"http:\/\/dgospel.com.br\/portal\/?p=14764"},"modified":"2023-02-15T10:31:23","modified_gmt":"2023-02-15T13:31:23","slug":"em-araguaina-wanderlei-barbosa-inaugura-escola-de-tempo-integral-orcada-em-r-22-milhoes-para-750-alunos","status":"publish","type":"post","link":"https:\/\/dgospel.com.br\/portal\/index.php\/2023\/02\/15\/em-araguaina-wanderlei-barbosa-inaugura-escola-de-tempo-integral-orcada-em-r-22-milhoes-para-750-alunos\/","title":{"rendered":"Em Aragua\u00edna, Wanderlei Barbosa inaugura Escola de Tempo Integral or\u00e7ada em R$ 22 milh\u00f5es para 750 alunos"},"content":{"rendered":"\n<p>Desta vez, em Aragua\u00edna, o governador do Tocantins, Wanderlei Barbosa, entregou mais uma Escola de Tempo Integral (ETI) na manh\u00e3 desta ter\u00e7a-feira, 14. Em obras desde outubro de 2013, a popula\u00e7\u00e3o do setor Nova Aragua\u00edna aguardava ansiosa a conclus\u00e3o desta unidade escolar, que leva o nome de Domingos da Cruz Machado, em homenagem a este homem pioneiro e desbravador da cidade. A unidade conta com 750 vagas para alunos.<\/p>\n\n\n\n<p>Ao chegar no local, o governador se encantou com a alegria em que foi recebido pelos estudantes da ETI Domingos da Cruz Machado. &#8220;N\u00f3s vimos a alegria de nossas crian\u00e7as e dos adolescentes que nos receberam, pois ir\u00e3o estudar em um lugar salubre, com refeit\u00f3rio de qualidade e com professores capacitados&#8221;, afirmou durante seu discurso. Wanderlei Barbosa disse tamb\u00e9m que a escola oferece, ainda, complexo esportivo e laboratorial, audit\u00f3rio e ambientes para atividades culturais, indo al\u00e9m do ensino pedag\u00f3gico de qualidade. &#8220;Quando entregamos esta escola, pensamos no aluno e no professor. No professor, porque \u00e9 o ambiente em que ele realiza o seu trabalho, onde vive sua vida profissional.&nbsp;E no aluno, porque estamos em Aragua\u00edna, cidade que d\u00e1 o tom do crescimento econ\u00f4mico do Estado e n\u00f3s precisamos ter uma popula\u00e7\u00e3o qualificada para ocupar os postos de trabalho. Nossas crian\u00e7as e nossos adolescentes merecem ter uma educa\u00e7\u00e3o de qualidade&#8221;, pontuou o Governador.<br>&nbsp;<br>O secret\u00e1rio de Estado da Educa\u00e7\u00e3o, professor F\u00e1bio Vaz, lembrou o cronograma enfrentado pela Pasta para entregar esta ETI. O in\u00edcio das obras \u00e9 datado de outubro de 2013, mas em janeiro de 2015 houve a primeira paralisa\u00e7\u00e3o. Em 2017, as obras foram retomadas e, em julho de 2019, a pasta se viu obrigada a rescindir o contrato com a empresa contratada devido ao descumprimento de cl\u00e1usulas contratuais. Em maio de 2021, houve a contrata\u00e7\u00e3o de uma nova empresa para finalizar as obras e, finalmente, em 2022, o governador Wanderlei Barbosa, por meio da Seduc, fez nova repactua\u00e7\u00e3o com o Fundo Nacional de Desenvolvimento da Educa\u00e7\u00e3o (FNDE) para garantir o repasse dos recursos federais.<\/p>\n\n\n\n<p>&#8220;O governador determinou que as obras da Educa\u00e7\u00e3o sejam entregues para a popula\u00e7\u00e3o. Recebemos esse pr\u00e9dio com apenas 40% das obras executadas e, em 1 ano e 3 meses, conseguimos finalizar. Hoje, tenho a satisfa\u00e7\u00e3o de agradecer por este olhar e pelo respaldo do governador Wanderlei Barbosa&#8221;, expressou o secret\u00e1rio de Estado da Educa\u00e7\u00e3o, F\u00e1bio Vaz.<\/p>\n\n\n\n<p>A aut\u00f4noma de 50 anos, Maria Aparecida da Silva, \u00e9 m\u00e3e do Miguel Arthur, que tem 12 anos e est\u00e1 cursando o 7\u00b0 ano na ETI Domingos da Cruz Machado. Ela conta que, antes, seu filho precisava pegar \u00f4nibus e ir para outro bairro estudar, mas agora est\u00e1 diferente. &#8220;Para n\u00f3s que moramos aqui no Setor Nova Aragua\u00edna, a inaugura\u00e7\u00e3o dessa escola foi excelente. Para n\u00f3s que trabalhamos fora, ter a possibilidade de o filho chegar de manh\u00e3 na escola, fazer todas as refei\u00e7\u00f5es e buscar s\u00f3 no fim do dia, \u00e9 maravilhoso. D\u00e1 uma seguran\u00e7a para a gente&#8221;, afirmou Maria Aparecida ao se descrever maravilhada e agradecida pela estrutura da unidade escolar: &#8220;a primeira vez que eu vim, parecia coisa de outro pa\u00eds&#8221;, acrescentou.<\/p>\n\n\n\n<p>A diretora Regional de Ensino de Aragua\u00edna, Eulessandra Castilho, reconhece o entusiasmo dos alunos pela nova escola e o palpite \u00e9 que seja o complexo esportivo. &#8220;Aqui teremos muita diversidade nas atividades. Estamos felizes em poder trabalhar nesta unidade escolar, com essa grandiosa estrutura. Iniciamos o ano letivo, j\u00e1 recebemos v\u00e1rios alunos e estamos empenhados em avan\u00e7ar cada dia mais na educa\u00e7\u00e3o de qualidade no Tocantins&#8221;, salientou.<\/p>\n\n\n\n<p><strong>ETI Domingos da Cruz Machado<\/strong><\/p>\n\n\n\n<p>A ETI Domingos da Cruz Machado est\u00e1 localizada no Setor Nova Aragua\u00edna e recebeu investimento total de R$ 22 milh\u00f5es. Desse valor, R$ 5,5 milh\u00f5es foram recursos do Governo Federal e os outros R$ 16,5 milh\u00f5es restantes foram aplicados pelo Tesouro Estadual.&nbsp; Com \u00e1rea total de 8.938,69 m\u00b2 constru\u00eddos, a unidade escolar \u00e9 formada por: \u00e1rea administrativa; 21 salas de aula, al\u00e9m da sala de m\u00fasica, sala multiuso e banheiros de alunos; biblioteca; seis laborat\u00f3rios (f\u00edsica\/qu\u00edmica, Biologia\/ci\u00eancias, dois de inform\u00e1tica e dois de l\u00ednguas; refeit\u00f3rio; quadra poliesportiva coberta; bloco esportivo; audit\u00f3rio com 2 camarins, banheiros, palco, foyer e hall; e piscina com seis raias semiol\u00edmpicas e com arquibancada.<\/p>\n\n\n\n<p><strong>Homenagem a Domingos da Cruz Machado<\/strong><\/p>\n\n\n\n<p>Domingos da Cruz Machado, que d\u00e1 nome \u00e0 ETI, foi um homem pioneiro de Aragua\u00edna. Mais conhecido como Dominguinhos, nasceu no dia 22 de julho de 1935, quando Aragua\u00edna ainda era conhecida como povoado Lontra. Viveu sempre na mesma casa, na Rua Souza Porto. Dominguinhos come\u00e7ou a trabalhar ainda crian\u00e7a. Foi locutor esportivo, taxista, empres\u00e1rio, pecuarista, motorista e operador de m\u00e1quinas, tendo trabalhado na constru\u00e7\u00e3o da&nbsp;<em>Bel\u00e9m-Bras\u00edlia<\/em>&nbsp;e da Ponte do Estreito. Faleceu em 2018.<\/p>\n\n\n\n<p>Seu filho, Walber Machado Lima, funcion\u00e1rio p\u00fablico de 55 anos, agradeceu a homenagem prestada ao seu pai. &#8220;Dar nome a uma escola \u00e9 uma linda forma de ser lembrado eternamente. Ainda mais uma escola nesse n\u00edvel, com essa grande estrutura. Aragua\u00edna merece. Toda nossa fam\u00edlia est\u00e1 muito orgulhosa e satisfeita&#8221;, agradeceu. Sua m\u00e3e e vi\u00fava do Senhor Domingos, Diana Lima Machado, tamb\u00e9m esteve na cerim\u00f4nia de descerramento da placa e recebeu homenagens.<br><br><strong>Concurso da Educa\u00e7\u00e3o<\/strong><br><br>O edital do concurso para profissionais da educa\u00e7\u00e3o que oferece mais de 5 mil vagas teve seu edital lan\u00e7ado na semana passada e inscri\u00e7\u00f5es abertas nesta segunda-feira, 13. Para a regional de Aragua\u00edna, ser\u00e3o destinados 403 vagas entre professores regentes, coordenadores pedag\u00f3gicos e orientadores educacionais.<\/p>\n\n\n\n<p><img src=\"https:\/\/central.to.gov.br\/image\/319043?w=670&amp;h=383\"><\/p>\n\n\n\n<p>Governador Wanderlei Barbosa disse, na cerim\u00f4nia, que o bem maior \u00e9 entregar a unidade escolar e ver a alegria das crian\u00e7as e dos adolescentes &#8211; Esequias Araujo\/Governo do Tocantins<\/p>\n\n\n\n<p><img src=\"https:\/\/central.to.gov.br\/image\/319045?w=670&amp;h=383\"><\/p>\n\n\n\n<p>O secret\u00e1rio de Educa\u00e7\u00e3o, professor F\u00e1bio Vaz, lembrou o cronograma enfrentado pela Seduc para entregar a ETI Domingos da Cruz Machado &#8211; Esequias Araujo\/Governo do Tocantins<\/p>\n\n\n\n<p><img src=\"https:\/\/central.to.gov.br\/image\/319044?w=670&amp;h=383\"><\/p>\n\n\n\n<p>A diretora Regional de Ensino de Aragua\u00edna, Eulessandra Castilho, reconhece o entusiasmo dos alunos pela nova escola na cidade &#8211; Esequias Araujo\/Governo do Tocantins\u00a0<\/p>\n\n\n\n<p><img src=\"https:\/\/central.to.gov.br\/image\/319046?w=670&amp;h=383\"><\/p>\n\n\n\n<p>M\u00e3e de aluna da unidade escolar, a aut\u00f4noma Maria Aparecida da Silva conta que antes seu filho precisava pegar \u00f4nibus e ir para outro bairro estudar &#8211; Esequias Araujo\/Governo do Tocantins\u00a0<\/p>\n\n\n\n<p><img src=\"https:\/\/central.to.gov.br\/image\/319047?w=670&amp;h=383\"><\/p>\n\n\n\n<p>Walber Machado Lima, filho de Domingos da Cruz Machado, agradeceu a homenagem prestada ao seu pai &#8211; Esequias Araujo\/Governo do Tocantins\u00a0<\/p>\n\n\n\n<p><img src=\"https:\/\/central.to.gov.br\/image\/319048?w=670&amp;h=383\"><\/p>\n\n\n\n<p>ETI Domingos da Cruz Machado est\u00e1 localizada no Setor Nova Aragua\u00edna, e recebeu investimento total de R$ 22 milh\u00f5es &#8211; Esequias Araujo\/Governo do Tocantins\u00a0<\/p>\n\n\n\n<p><img src=\"https:\/\/central.to.gov.br\/image\/319049?w=670&amp;h=383\"><\/p>\n\n\n\n<p>Com \u00e1rea total de 8.938,69 m\u00b2 constru\u00eddos, a unidade escolar \u00e9 formada por: \u00e1rea administrativa; 21 salas de aula, al\u00e9m da sala de m\u00fasica, sala multiuso e banheiros de alunos; biblioteca; seis laborat\u00f3rios (f\u00edsica\/qu\u00edmica, Biologia\/ci\u00eancias, dois de inform\u00e1tica e dois de l\u00ednguas; refeit\u00f3rio; quadra poliesportiva coberta; bloco esportivo; audit\u00f3rio com 2 camarins, banheiros, palco, foyer e hall; e piscina com seis raias semiol\u00edmpicas e com arquibancada &#8211; Esequias Araujo\/Governo do Tocantins\u00a0<\/p>\n","protected":false},"excerpt":{"rendered":"<p>Desta vez, em Aragua\u00edna, o governador do Tocantins, Wanderlei Barbosa, entregou mais uma Escola de Tempo Integral (ETI) na manh\u00e3 desta ter\u00e7a-feira, 14. Em obras desde outubro de 2013, a popula\u00e7\u00e3o do setor Nova Aragua\u00edna aguardava ansiosa a conclus\u00e3o desta unidade escolar, que leva o nome de Domingos da Cruz Machado, em homenagem a este [&hellip;]<\/p>\n","protected":false},"author":2,"featured_media":14765,"comment_status":"open","ping_status":"open","sticky":false,"template":"","format":"standard","meta":[],"categories":[3],"tags":[13],"_links":{"self":[{"href":"https:\/\/dgospel.com.br\/portal\/index.php\/wp-json\/wp\/v2\/posts\/14764"}],"collection":[{"href":"https:\/\/dgospel.com.br\/portal\/index.php\/wp-json\/wp\/v2\/posts"}],"about":[{"href":"https:\/\/dgospel.com.br\/portal\/index.php\/wp-json\/wp\/v2\/types\/post"}],"author":[{"embeddable":true,"href":"https:\/\/dgospel.com.br\/portal\/index.php\/wp-json\/wp\/v2\/users\/2"}],"replies":[{"embeddable":true,"href":"https:\/\/dgospel.com.br\/portal\/index.php\/wp-json\/wp\/v2\/comments?post=14764"}],"version-history":[{"count":1,"href":"https:\/\/dgospel.com.br\/portal\/index.php\/wp-json\/wp\/v2\/posts\/14764\/revisions"}],"predecessor-version":[{"id":14766,"href":"https:\/\/dgospel.com.br\/portal\/index.php\/wp-json\/wp\/v2\/posts\/14764\/revisions\/14766"}],"wp:featuredmedia":[{"embeddable":true,"href":"https:\/\/dgospel.com.br\/portal\/index.php\/wp-json\/wp\/v2\/media\/14765"}],"wp:attachment":[{"href":"https:\/\/dgospel.com.br\/portal\/index.php\/wp-json\/wp\/v2\/media?parent=14764"}],"wp:term":[{"taxonomy":"category","embeddable":true,"href":"https:\/\/dgospel.com.br\/portal\/index.php\/wp-json\/wp\/v2\/categories?post=14764"},{"taxonomy":"post_tag","embeddable":true,"href":"https:\/\/dgospel.com.br\/portal\/index.php\/wp-json\/wp\/v2\/tags?post=14764"}],"curies":[{"name":"wp","href":"https:\/\/api.w.org\/{rel}","templated":true}]}}