{"id":14770,"date":"2023-02-15T10:40:09","date_gmt":"2023-02-15T13:40:09","guid":{"rendered":"http:\/\/dgospel.com.br\/portal\/?p=14770"},"modified":"2023-02-15T10:40:10","modified_gmt":"2023-02-15T13:40:10","slug":"atos-de-dia-8-de-janeiro-em-brasilia-deputado-consegue-assinaturas-suficientes-no-senado-para-cpmi","status":"publish","type":"post","link":"https:\/\/dgospel.com.br\/portal\/index.php\/2023\/02\/15\/atos-de-dia-8-de-janeiro-em-brasilia-deputado-consegue-assinaturas-suficientes-no-senado-para-cpmi\/","title":{"rendered":"\u00a0Atos de dia 8 de janeiro em Bras\u00edlia: Deputado consegue assinaturas suficientes no Senado para CPMI"},"content":{"rendered":"\n<p>O deputado federal&nbsp;<a href=\"http:\/\/pleno.news\/tag\/andre-fernandes\" target=\"_blank\" rel=\"noreferrer noopener\">Andr\u00e9 Fernandes<\/a>&nbsp;(PL-CE) anunciou, na madrugada desta quarta-feira (15), que conseguiu o n\u00famero necess\u00e1rio de assinaturas no Senado para a instala\u00e7\u00e3o de uma Comiss\u00e3o Parlamentar Mista de Inqu\u00e9rito (CPMI) com o objetivo de investigar os atos ocorridos no dia 8 de janeiro em Bras\u00edlia. Com isso, o parlamentar agora precisa atingir apenas os apoios necess\u00e1rios na C\u00e2mara dos Deputados para que o colegiado seja automaticamente instalado.<\/p>\n\n\n\n<p>Pelo Twitter, Fernandes divulgou a lista dos 27 senadores que apoiaram a medida (confira ao final do texto) e pediu que os cidad\u00e3os cobrem os parlamentares em quem votaram. J\u00e1 sobre a quantidade de assinaturas na C\u00e2mara, a atualiza\u00e7\u00e3o mais recente feita pelo parlamentar foi publicada no \u00faltimo dia 10 de fevereiro, quando a instala\u00e7\u00e3o da CPMI contava com o apoio de 65 congressistas.<\/p>\n\n\n\n<p>De acordo com o deputado, a op\u00e7\u00e3o por instalar uma CPMI, e n\u00e3o uma Comiss\u00e3o Parlamentar de Inqu\u00e9rito (CPI), se deu por conta do fato de que na comiss\u00e3o mista a instala\u00e7\u00e3o \u00e9 autom\u00e1tica \u2013 n\u00e3o precisa do aval do presidente do Congresso \u2013 desde que a medida receba o apoio de um ter\u00e7o dos membros de cada Casa do Parlamento (27 senadores e 171 deputados).<\/p>\n\n\n\n<p>Como o pr\u00f3prio nome j\u00e1 exemplifica, a diferen\u00e7a entre as CPIs e as CPMIs est\u00e1 na composi\u00e7\u00e3o de cada uma delas. Enquanto as CPIs s\u00e3o compostas apenas pelos membros da Casa na qual ela \u00e9 instalada, as CPMIs s\u00e3o compostas por deputados e senadores, devendo ser igual a participa\u00e7\u00e3o de cada um dos cargos, obedecido o princ\u00edpio da proporcionalidade partid\u00e1ria.<\/p>\n\n\n\n<p>Confira a lista dos 27 senadores que apoiaram a instala\u00e7\u00e3o da CPMI dos atos de 8 de janeiro:<\/p>\n\n\n\n<p>1 \u2013 Zequinha Marinho<br>2- Rog\u00e9rio Marinho<br>3- Magno Malta<br>4- Wellington Fagundes<br>5- Izalci Lucas<br>6- Mecias de Jesus<br>7- Eduardo Gir\u00e3o<br>8- Pl\u00ednio Val\u00e9rio<br>9- Esperidi\u00e3o Amin<br>10- Fl\u00e1vio Bolsonaro<br>11- Alan Rick<br>12- Carlos Portinho<br>13- Astronauta Marcos Pontes<br>14- Jorge Seif<br>15- Hamilton Mour\u00e3o<br>16- Jaime Barattoli<br>17- Damares Alves<br>18- Lu\u00eds Carlos Heinze<br>19- Eduardo Gomes<br>20- Ciro Nogueira<br>21- Styvenson Valentim<br>22- Wilder Morais<br>23- Cleitinho<br>24- Tereza Cristina<br>25- Marcos do Val<br>26- Sergio Moro<br>27- Marcio Bittar<\/p>\n","protected":false},"excerpt":{"rendered":"<p>O deputado federal&nbsp;Andr\u00e9 Fernandes&nbsp;(PL-CE) anunciou, na madrugada desta quarta-feira (15), que conseguiu o n\u00famero necess\u00e1rio de assinaturas no Senado para a instala\u00e7\u00e3o de uma Comiss\u00e3o Parlamentar Mista de Inqu\u00e9rito (CPMI) com o objetivo de investigar os atos ocorridos no dia 8 de janeiro em Bras\u00edlia. Com isso, o parlamentar agora precisa atingir apenas os apoios [&hellip;]<\/p>\n","protected":false},"author":2,"featured_media":14771,"comment_status":"open","ping_status":"open","sticky":false,"template":"","format":"standard","meta":[],"categories":[8],"tags":[],"_links":{"self":[{"href":"https:\/\/dgospel.com.br\/portal\/index.php\/wp-json\/wp\/v2\/posts\/14770"}],"collection":[{"href":"https:\/\/dgospel.com.br\/portal\/index.php\/wp-json\/wp\/v2\/posts"}],"about":[{"href":"https:\/\/dgospel.com.br\/portal\/index.php\/wp-json\/wp\/v2\/types\/post"}],"author":[{"embeddable":true,"href":"https:\/\/dgospel.com.br\/portal\/index.php\/wp-json\/wp\/v2\/users\/2"}],"replies":[{"embeddable":true,"href":"https:\/\/dgospel.com.br\/portal\/index.php\/wp-json\/wp\/v2\/comments?post=14770"}],"version-history":[{"count":1,"href":"https:\/\/dgospel.com.br\/portal\/index.php\/wp-json\/wp\/v2\/posts\/14770\/revisions"}],"predecessor-version":[{"id":14772,"href":"https:\/\/dgospel.com.br\/portal\/index.php\/wp-json\/wp\/v2\/posts\/14770\/revisions\/14772"}],"wp:featuredmedia":[{"embeddable":true,"href":"https:\/\/dgospel.com.br\/portal\/index.php\/wp-json\/wp\/v2\/media\/14771"}],"wp:attachment":[{"href":"https:\/\/dgospel.com.br\/portal\/index.php\/wp-json\/wp\/v2\/media?parent=14770"}],"wp:term":[{"taxonomy":"category","embeddable":true,"href":"https:\/\/dgospel.com.br\/portal\/index.php\/wp-json\/wp\/v2\/categories?post=14770"},{"taxonomy":"post_tag","embeddable":true,"href":"https:\/\/dgospel.com.br\/portal\/index.php\/wp-json\/wp\/v2\/tags?post=14770"}],"curies":[{"name":"wp","href":"https:\/\/api.w.org\/{rel}","templated":true}]}}