{"id":14773,"date":"2023-02-15T10:42:15","date_gmt":"2023-02-15T13:42:15","guid":{"rendered":"http:\/\/dgospel.com.br\/portal\/?p=14773"},"modified":"2023-02-15T10:42:17","modified_gmt":"2023-02-15T13:42:17","slug":"psol-aciona-stf-contra-poder-moderador-das-forcas-armadas","status":"publish","type":"post","link":"https:\/\/dgospel.com.br\/portal\/index.php\/2023\/02\/15\/psol-aciona-stf-contra-poder-moderador-das-forcas-armadas\/","title":{"rendered":"PSOL aciona STF contra \u201cpoder moderador\u201d das For\u00e7as Armadas"},"content":{"rendered":"\n<p>A Argui\u00e7\u00e3o de Descumprimento de Preceito Fundamental (ADPF) 1045 apresentada pelo PSOL ao Supremo Tribunal Federal (STF) visa exigir que os ministros declarem que a interpreta\u00e7\u00e3o do artigo 142 da Constitui\u00e7\u00e3o Federal de que as For\u00e7as Armadas s\u00e3o poderes moderadores da Rep\u00fablica seja declarada inconstitucional.<\/p>\n\n\n\n<p>O texto apresentado pelo partido de extrema esquerda quer que o Ex\u00e9rcito, Marinha e Aeron\u00e1utica tenham seus pap\u00e9is restritos \u00e0 defesa da p\u00e1tria e \u00e0 garantia dos poderes constitucionais, da lei e da ordem.<\/p>\n\n\n\n<p>O PSOL chega a dizer que a ideia de que as For\u00e7as Armadas possam ser convocadas para aplicar o artigo 142 \u201c\u00e9 uma interpreta\u00e7\u00e3o mirabolante\u201d do que eles chamam de \u201cbolsonarismo\u201d.<\/p>\n\n\n\n<p>A ADPF pede ao STF que tome uma decis\u00e3o para que n\u00e3o haja possibilidade de atribuir aos militares o status de poder moderador do Brasil. O documento tamb\u00e9m requer a declara\u00e7\u00e3o de inconstitucionalidade de interpreta\u00e7\u00f5es que permitam a ruptura total ou parcial do regime democr\u00e1tico ou a instaura\u00e7\u00e3o de governo de exce\u00e7\u00e3o pelas For\u00e7as Armadas ou por civis apoiados por elas.<\/p>\n\n\n\n<p>Al\u00e9m disso, o PSOL visa tirar a imunidade parlamentar de parlamentares que defendem e apoiam essa ideia, pedindo ainda que eles sejam investigados e responsabilizados nos \u00e2mbitos pol\u00edtico, civil, criminal e administrativo. Servidores p\u00fablicos, particulares e magistrados tamb\u00e9m devem ser penalizados.<\/p>\n","protected":false},"excerpt":{"rendered":"<p>A Argui\u00e7\u00e3o de Descumprimento de Preceito Fundamental (ADPF) 1045 apresentada pelo PSOL ao Supremo Tribunal Federal (STF) visa exigir que os ministros declarem que a interpreta\u00e7\u00e3o do artigo 142 da Constitui\u00e7\u00e3o Federal de que as For\u00e7as Armadas s\u00e3o poderes moderadores da Rep\u00fablica seja declarada inconstitucional. O texto apresentado pelo partido de extrema esquerda quer que [&hellip;]<\/p>\n","protected":false},"author":2,"featured_media":14774,"comment_status":"open","ping_status":"open","sticky":false,"template":"","format":"standard","meta":[],"categories":[4],"tags":[],"_links":{"self":[{"href":"https:\/\/dgospel.com.br\/portal\/index.php\/wp-json\/wp\/v2\/posts\/14773"}],"collection":[{"href":"https:\/\/dgospel.com.br\/portal\/index.php\/wp-json\/wp\/v2\/posts"}],"about":[{"href":"https:\/\/dgospel.com.br\/portal\/index.php\/wp-json\/wp\/v2\/types\/post"}],"author":[{"embeddable":true,"href":"https:\/\/dgospel.com.br\/portal\/index.php\/wp-json\/wp\/v2\/users\/2"}],"replies":[{"embeddable":true,"href":"https:\/\/dgospel.com.br\/portal\/index.php\/wp-json\/wp\/v2\/comments?post=14773"}],"version-history":[{"count":1,"href":"https:\/\/dgospel.com.br\/portal\/index.php\/wp-json\/wp\/v2\/posts\/14773\/revisions"}],"predecessor-version":[{"id":14775,"href":"https:\/\/dgospel.com.br\/portal\/index.php\/wp-json\/wp\/v2\/posts\/14773\/revisions\/14775"}],"wp:featuredmedia":[{"embeddable":true,"href":"https:\/\/dgospel.com.br\/portal\/index.php\/wp-json\/wp\/v2\/media\/14774"}],"wp:attachment":[{"href":"https:\/\/dgospel.com.br\/portal\/index.php\/wp-json\/wp\/v2\/media?parent=14773"}],"wp:term":[{"taxonomy":"category","embeddable":true,"href":"https:\/\/dgospel.com.br\/portal\/index.php\/wp-json\/wp\/v2\/categories?post=14773"},{"taxonomy":"post_tag","embeddable":true,"href":"https:\/\/dgospel.com.br\/portal\/index.php\/wp-json\/wp\/v2\/tags?post=14773"}],"curies":[{"name":"wp","href":"https:\/\/api.w.org\/{rel}","templated":true}]}}