{"id":14776,"date":"2023-02-16T08:44:47","date_gmt":"2023-02-16T11:44:47","guid":{"rendered":"http:\/\/dgospel.com.br\/portal\/?p=14776"},"modified":"2023-02-16T08:44:48","modified_gmt":"2023-02-16T11:44:48","slug":"pernambuco-aprova-identidade-nao-binarie-no-registro-civil","status":"publish","type":"post","link":"https:\/\/dgospel.com.br\/portal\/index.php\/2023\/02\/16\/pernambuco-aprova-identidade-nao-binarie-no-registro-civil\/","title":{"rendered":"Pernambuco aprova identidade \u201cn\u00e3o bin\u00e1rie\u201d no registro civil"},"content":{"rendered":"\n<p>O registro civil no estado de Pernambuco agora ter\u00e1 a op\u00e7\u00e3o \u201cn\u00e3o bin\u00e1rie\u201d referente ao sexo.&nbsp;A medida foi aprovada pela Defensoria P\u00fablica do estado, em decis\u00e3o in\u00e9dita, nesta ter\u00e7a-feira (14).<\/p>\n\n\n\n<p>Foi deferido um pedido de retifica\u00e7\u00e3o de registro civil de pessoa n\u00e3o bin\u00e1ria, ajuizado pelo N\u00facleo de Defesa e Promo\u00e7\u00e3o de Direitos Humanos.<\/p>\n\n\n\n<p>Em 2022, a Justi\u00e7a de Pernambuco j\u00e1 havia garantido a possibilidade de um marcador de g\u00eanero diverso do masculino ou feminino no registro civil.&nbsp;Agora, pela primeira vez, atribuiu o marcador \u201cn\u00e3o bin\u00e1rie\u201d.<\/p>\n\n\n\n<p>\u2013 Essa decis\u00e3o representa um avan\u00e7o para a concretiza\u00e7\u00e3o de direitos das pessoas n\u00e3o bin\u00e1rias, ao reconhecer legalmente a autoidentifica\u00e7\u00e3o de g\u00eanero, inclusive sem a designa\u00e7\u00e3o espec\u00edfica de masculino ou feminino, considerando o emprego da linguagem neutra \u2013 disse o Coordenador do N\u00facleo, Henrique da Fonte.<\/p>\n\n\n\n<p>De acordo com o N\u00facleo de Defesa e Promo\u00e7\u00e3o de Direitos Humanos, a pasta seguir\u00e1 acompanhando as demandas de pessoas n\u00e3o bin\u00e1rias.&nbsp;A not\u00edcia recebeu muitas cr\u00edticas, inclusive de pessoas da comunidade LGBTQIA+.<\/p>\n\n\n\n<p>\u2013 Com todo respeito, eu fa\u00e7o parte da comunidade LGBT+, mas esse papo de linguagem neutra n\u00e3o faz sentido!!&nbsp;\u2013 postou um internauta em publica\u00e7\u00e3o no perfil da defensoria no Instagram.<\/p>\n\n\n\n<p>\u2013 E na hora de aposentar, como fica?&nbsp;Vai por qual regra, j\u00e1 que n\u00e3o \u00e9 H ou M ????&nbsp;As situa\u00e7\u00f5es est\u00e3o transit\u00f3rias, mas a sociedade n\u00e3o entende o reflexo disso tudo!&nbsp;\u2013 revoltou-se outra usu\u00e1ria.<\/p>\n\n\n\n<p>A postagem da Defensoria P\u00fablica acabou sendo palco para um intenso debate sobre o tema.<\/p>\n","protected":false},"excerpt":{"rendered":"<p>O registro civil no estado de Pernambuco agora ter\u00e1 a op\u00e7\u00e3o \u201cn\u00e3o bin\u00e1rie\u201d referente ao sexo.&nbsp;A medida foi aprovada pela Defensoria P\u00fablica do estado, em decis\u00e3o in\u00e9dita, nesta ter\u00e7a-feira (14). Foi deferido um pedido de retifica\u00e7\u00e3o de registro civil de pessoa n\u00e3o bin\u00e1ria, ajuizado pelo N\u00facleo de Defesa e Promo\u00e7\u00e3o de Direitos Humanos. Em 2022, [&hellip;]<\/p>\n","protected":false},"author":2,"featured_media":14777,"comment_status":"open","ping_status":"open","sticky":false,"template":"","format":"standard","meta":[],"categories":[10],"tags":[],"_links":{"self":[{"href":"https:\/\/dgospel.com.br\/portal\/index.php\/wp-json\/wp\/v2\/posts\/14776"}],"collection":[{"href":"https:\/\/dgospel.com.br\/portal\/index.php\/wp-json\/wp\/v2\/posts"}],"about":[{"href":"https:\/\/dgospel.com.br\/portal\/index.php\/wp-json\/wp\/v2\/types\/post"}],"author":[{"embeddable":true,"href":"https:\/\/dgospel.com.br\/portal\/index.php\/wp-json\/wp\/v2\/users\/2"}],"replies":[{"embeddable":true,"href":"https:\/\/dgospel.com.br\/portal\/index.php\/wp-json\/wp\/v2\/comments?post=14776"}],"version-history":[{"count":1,"href":"https:\/\/dgospel.com.br\/portal\/index.php\/wp-json\/wp\/v2\/posts\/14776\/revisions"}],"predecessor-version":[{"id":14778,"href":"https:\/\/dgospel.com.br\/portal\/index.php\/wp-json\/wp\/v2\/posts\/14776\/revisions\/14778"}],"wp:featuredmedia":[{"embeddable":true,"href":"https:\/\/dgospel.com.br\/portal\/index.php\/wp-json\/wp\/v2\/media\/14777"}],"wp:attachment":[{"href":"https:\/\/dgospel.com.br\/portal\/index.php\/wp-json\/wp\/v2\/media?parent=14776"}],"wp:term":[{"taxonomy":"category","embeddable":true,"href":"https:\/\/dgospel.com.br\/portal\/index.php\/wp-json\/wp\/v2\/categories?post=14776"},{"taxonomy":"post_tag","embeddable":true,"href":"https:\/\/dgospel.com.br\/portal\/index.php\/wp-json\/wp\/v2\/tags?post=14776"}],"curies":[{"name":"wp","href":"https:\/\/api.w.org\/{rel}","templated":true}]}}