{"id":14779,"date":"2023-02-16T08:47:11","date_gmt":"2023-02-16T11:47:11","guid":{"rendered":"http:\/\/dgospel.com.br\/portal\/?p=14779"},"modified":"2023-02-16T08:47:12","modified_gmt":"2023-02-16T11:47:12","slug":"moro-alcanca-assinaturas-para-discutir-prisao-em-2a-instancia","status":"publish","type":"post","link":"https:\/\/dgospel.com.br\/portal\/index.php\/2023\/02\/16\/moro-alcanca-assinaturas-para-discutir-prisao-em-2a-instancia\/","title":{"rendered":"Moro alcan\u00e7a assinaturas para discutir pris\u00e3o em 2\u00aa inst\u00e2ncia"},"content":{"rendered":"\n<p>O senador Sergio Moro (Uni\u00e3o Brasil-PR) j\u00e1 obteve seu primeiro \u00eaxito como senador. Ele conseguiu as assinaturas suficientes para pedir o desarquivamento da proposta que aborda a pris\u00e3o imediata ap\u00f3s condena\u00e7\u00e3o em segunda inst\u00e2ncia.<\/p>\n\n\n\n<p>Em 2019, por 6 votos a 5, o Supremo Tribunal Federal (STF) mudou, novamente, o entendimento sobre a mat\u00e9ria e decidiu por n\u00e3o prender condenados logo ap\u00f3s a senten\u00e7a em segunda inst\u00e2ncia, algo que \u00e9 amplamente criticado; inclusive, pelo ex-ministro da Justi\u00e7a. A altera\u00e7\u00e3o, na \u00e9poca, favoreceu a soltura de Lula (PT).<\/p>\n\n\n\n<p>Enquanto ministro da Justi\u00e7a, Moro apresentou uma proposta para modificar o C\u00f3digo de Processo Penal a fim de disciplinar a pris\u00e3o em segunda inst\u00e2ncia, mas a medida acabou sendo desmembrada do pacote anticrime.<\/p>\n\n\n\n<p>O requerimento de desarquivamento segue para vota\u00e7\u00e3o no plen\u00e1rio do Senado, onde precisa alcan\u00e7ar maioria simples.<\/p>\n\n\n\n<p>O projeto chegou a ser aprovado na Comiss\u00e3o de Constitui\u00e7\u00e3o e Justi\u00e7a (CCJ) do Senado em 2019 e esperava para ir ao plen\u00e1rio.<\/p>\n\n\n\n<p>\u2013 Agora temos um desafio maior, que \u00e9 levar o projeto de lei ao plen\u00e1rio e ter aprova\u00e7\u00e3o. Mas \u00e9 preciso estudar o melhor momento pol\u00edtico para isso \u2013 disse Moro.<\/p>\n\n\n\n<p>Na C\u00e2mara foi criada uma comiss\u00e3o especial para tratar dessa pauta, mas o relat\u00f3rio final tamb\u00e9m n\u00e3o chegou ao plen\u00e1rio.<\/p>\n\n\n\n<p>Na C\u00e2mara dos Deputados, Deltan Dallagnol (Podemos-PR), ex-procurador da Lava Jato, tamb\u00e9m trabalha pelo andamento da proposta.<\/p>\n","protected":false},"excerpt":{"rendered":"<p>O senador Sergio Moro (Uni\u00e3o Brasil-PR) j\u00e1 obteve seu primeiro \u00eaxito como senador. Ele conseguiu as assinaturas suficientes para pedir o desarquivamento da proposta que aborda a pris\u00e3o imediata ap\u00f3s condena\u00e7\u00e3o em segunda inst\u00e2ncia. Em 2019, por 6 votos a 5, o Supremo Tribunal Federal (STF) mudou, novamente, o entendimento sobre a mat\u00e9ria e decidiu [&hellip;]<\/p>\n","protected":false},"author":2,"featured_media":14780,"comment_status":"open","ping_status":"open","sticky":false,"template":"","format":"standard","meta":[],"categories":[8],"tags":[],"_links":{"self":[{"href":"https:\/\/dgospel.com.br\/portal\/index.php\/wp-json\/wp\/v2\/posts\/14779"}],"collection":[{"href":"https:\/\/dgospel.com.br\/portal\/index.php\/wp-json\/wp\/v2\/posts"}],"about":[{"href":"https:\/\/dgospel.com.br\/portal\/index.php\/wp-json\/wp\/v2\/types\/post"}],"author":[{"embeddable":true,"href":"https:\/\/dgospel.com.br\/portal\/index.php\/wp-json\/wp\/v2\/users\/2"}],"replies":[{"embeddable":true,"href":"https:\/\/dgospel.com.br\/portal\/index.php\/wp-json\/wp\/v2\/comments?post=14779"}],"version-history":[{"count":1,"href":"https:\/\/dgospel.com.br\/portal\/index.php\/wp-json\/wp\/v2\/posts\/14779\/revisions"}],"predecessor-version":[{"id":14781,"href":"https:\/\/dgospel.com.br\/portal\/index.php\/wp-json\/wp\/v2\/posts\/14779\/revisions\/14781"}],"wp:featuredmedia":[{"embeddable":true,"href":"https:\/\/dgospel.com.br\/portal\/index.php\/wp-json\/wp\/v2\/media\/14780"}],"wp:attachment":[{"href":"https:\/\/dgospel.com.br\/portal\/index.php\/wp-json\/wp\/v2\/media?parent=14779"}],"wp:term":[{"taxonomy":"category","embeddable":true,"href":"https:\/\/dgospel.com.br\/portal\/index.php\/wp-json\/wp\/v2\/categories?post=14779"},{"taxonomy":"post_tag","embeddable":true,"href":"https:\/\/dgospel.com.br\/portal\/index.php\/wp-json\/wp\/v2\/tags?post=14779"}],"curies":[{"name":"wp","href":"https:\/\/api.w.org\/{rel}","templated":true}]}}