{"id":14788,"date":"2023-02-16T08:54:17","date_gmt":"2023-02-16T11:54:17","guid":{"rendered":"http:\/\/dgospel.com.br\/portal\/?p=14788"},"modified":"2023-02-16T08:54:18","modified_gmt":"2023-02-16T11:54:18","slug":"lula-aumentara-salario-minimo-em-r-18-e-decepciona-eleitores","status":"publish","type":"post","link":"https:\/\/dgospel.com.br\/portal\/index.php\/2023\/02\/16\/lula-aumentara-salario-minimo-em-r-18-e-decepciona-eleitores\/","title":{"rendered":"Lula aumentar\u00e1 sal\u00e1rio m\u00ednimo em R$ 18 e decepciona eleitores"},"content":{"rendered":"\n<p>O governo Lula (PT) decidiu aumentar o sal\u00e1rio m\u00ednimo deste ano em R$ 18, a partir de maio. O assunto foi debatido em reuni\u00f5es no Pal\u00e1cio do Planalto nesta ter\u00e7a-feira (14). Atualmente, o sal\u00e1rio m\u00ednio \u00e9 R$ 1.302 e ser\u00e1 reajustado para R$ 1.320, frustrando os eleitores do petista que esperavam obter um ganho maior, considerando o alto custo de vida e a promessa do presidente de reajustar o m\u00ednimo acima da infla\u00e7\u00e3o.<\/p>\n\n\n\n<p>O petista prepara o an\u00fancio oficial, que deve incluir tamb\u00e9m o aumento na faixa de isen\u00e7\u00e3o do Imposto de Renda (IR) para R$ 2.640, motivo de muitas cr\u00edticas, j\u00e1 que em sua campanha, Lula prometeu que trabalhadores que ganham at\u00e9 R$ 5 mil mensais, ficariam isentos do IR.<\/p>\n\n\n\n<p>O governo petista s\u00f3 far\u00e1 o devido reajuste tardiamente, em maio, para economizar nos meses de janeiro a abril, abrindo recursos no Or\u00e7amento.<\/p>\n","protected":false},"excerpt":{"rendered":"<p>O governo Lula (PT) decidiu aumentar o sal\u00e1rio m\u00ednimo deste ano em R$ 18, a partir de maio. O assunto foi debatido em reuni\u00f5es no Pal\u00e1cio do Planalto nesta ter\u00e7a-feira (14). Atualmente, o sal\u00e1rio m\u00ednio \u00e9 R$ 1.302 e ser\u00e1 reajustado para R$ 1.320, frustrando os eleitores do petista que esperavam obter um ganho maior, [&hellip;]<\/p>\n","protected":false},"author":2,"featured_media":14789,"comment_status":"open","ping_status":"open","sticky":false,"template":"","format":"standard","meta":[],"categories":[4],"tags":[],"_links":{"self":[{"href":"https:\/\/dgospel.com.br\/portal\/index.php\/wp-json\/wp\/v2\/posts\/14788"}],"collection":[{"href":"https:\/\/dgospel.com.br\/portal\/index.php\/wp-json\/wp\/v2\/posts"}],"about":[{"href":"https:\/\/dgospel.com.br\/portal\/index.php\/wp-json\/wp\/v2\/types\/post"}],"author":[{"embeddable":true,"href":"https:\/\/dgospel.com.br\/portal\/index.php\/wp-json\/wp\/v2\/users\/2"}],"replies":[{"embeddable":true,"href":"https:\/\/dgospel.com.br\/portal\/index.php\/wp-json\/wp\/v2\/comments?post=14788"}],"version-history":[{"count":1,"href":"https:\/\/dgospel.com.br\/portal\/index.php\/wp-json\/wp\/v2\/posts\/14788\/revisions"}],"predecessor-version":[{"id":14790,"href":"https:\/\/dgospel.com.br\/portal\/index.php\/wp-json\/wp\/v2\/posts\/14788\/revisions\/14790"}],"wp:featuredmedia":[{"embeddable":true,"href":"https:\/\/dgospel.com.br\/portal\/index.php\/wp-json\/wp\/v2\/media\/14789"}],"wp:attachment":[{"href":"https:\/\/dgospel.com.br\/portal\/index.php\/wp-json\/wp\/v2\/media?parent=14788"}],"wp:term":[{"taxonomy":"category","embeddable":true,"href":"https:\/\/dgospel.com.br\/portal\/index.php\/wp-json\/wp\/v2\/categories?post=14788"},{"taxonomy":"post_tag","embeddable":true,"href":"https:\/\/dgospel.com.br\/portal\/index.php\/wp-json\/wp\/v2\/tags?post=14788"}],"curies":[{"name":"wp","href":"https:\/\/api.w.org\/{rel}","templated":true}]}}