{"id":14791,"date":"2023-02-16T09:03:47","date_gmt":"2023-02-16T12:03:47","guid":{"rendered":"http:\/\/dgospel.com.br\/portal\/?p=14791"},"modified":"2023-02-16T09:03:48","modified_gmt":"2023-02-16T12:03:48","slug":"michelle-bolsonaro-e-a-nova-presidente-do-pl-mulher","status":"publish","type":"post","link":"https:\/\/dgospel.com.br\/portal\/index.php\/2023\/02\/16\/michelle-bolsonaro-e-a-nova-presidente-do-pl-mulher\/","title":{"rendered":"Michelle Bolsonaro \u00e9 a nova presidente do PL Mulher"},"content":{"rendered":"\n<p>A ex-primeira-dama&nbsp;<a href=\"https:\/\/www.instagram.com\/michellebolsonaro\/\" target=\"_blank\" rel=\"noreferrer noopener\"><strong>Michelle Bolsonaro<\/strong><\/a>&nbsp;foi anunciada, nesta quarta-feira, 15, como a nova presidente nacional do PL Mulher. A informa\u00e7\u00e3o foi divulgada pelo presidente da legenda, Valdemar Costa Neto, durante o encontro realizado na sede do partido, em Bras\u00edlia, com as deputadas da bancada feminina da sigla na C\u00e2mara dos Deputados.<\/p>\n\n\n\n<p>\u201cA mulher tem um olhar especial\u201d, disse Michelle. \u201cEla pode estar onde quiser. Ela consegue ser m\u00e3e, trabalhar na pol\u00edtica e realizar v\u00e1rias atividades. Mas, antes de qualquer coisa, minha prioridade \u00e9 minha filha Laurinha, que precisa de mim.\u201d<\/p>\n\n\n\n<p>Segundo Valdemar, uma das atribui\u00e7\u00f5es da ex-primeira-dama ser\u00e1 viajar o Brasil promovendo reuni\u00f5es em grandes cidades, para atrair mais filiadas e aumentar a participa\u00e7\u00e3o feminina na pol\u00edtica. \u201cMichelle vai ter toda a estrutura no partido\u201d, disse o presidente do PL.<\/p>\n\n\n\n<p>Al\u00e9m da ex-primeira-dama, participaram da reuni\u00e3o as deputadas Am\u00e1lia Barros (PL-MT), Bia Kicis (PL-DF), Julia Zanatta (PL-SC), Soraya Santos (PL-RJ), Silvia Wai\u00e3pi (PL-AP), Silvia Cristina (PL-RO), Detinha (PL-MA), Daniela Reinehr (PL-SC), Rosana Valle (PL-SP) e Sonize Barbosa (PL-AP).<\/p>\n\n\n\n<p>O encontro contou tamb\u00e9m com a presen\u00e7a do ex-candidato a vice-presidente do ex-presidente Jair Bolsonaro, general Braga Netto, e do l\u00edder do PL na C\u00e2mara, o deputado Altineu C\u00f4rtes (PL-RJ).<\/p>\n","protected":false},"excerpt":{"rendered":"<p>A ex-primeira-dama&nbsp;Michelle Bolsonaro&nbsp;foi anunciada, nesta quarta-feira, 15, como a nova presidente nacional do PL Mulher. A informa\u00e7\u00e3o foi divulgada pelo presidente da legenda, Valdemar Costa Neto, durante o encontro realizado na sede do partido, em Bras\u00edlia, com as deputadas da bancada feminina da sigla na C\u00e2mara dos Deputados. \u201cA mulher tem um olhar especial\u201d, disse [&hellip;]<\/p>\n","protected":false},"author":2,"featured_media":14792,"comment_status":"open","ping_status":"open","sticky":false,"template":"","format":"standard","meta":[],"categories":[4],"tags":[],"_links":{"self":[{"href":"https:\/\/dgospel.com.br\/portal\/index.php\/wp-json\/wp\/v2\/posts\/14791"}],"collection":[{"href":"https:\/\/dgospel.com.br\/portal\/index.php\/wp-json\/wp\/v2\/posts"}],"about":[{"href":"https:\/\/dgospel.com.br\/portal\/index.php\/wp-json\/wp\/v2\/types\/post"}],"author":[{"embeddable":true,"href":"https:\/\/dgospel.com.br\/portal\/index.php\/wp-json\/wp\/v2\/users\/2"}],"replies":[{"embeddable":true,"href":"https:\/\/dgospel.com.br\/portal\/index.php\/wp-json\/wp\/v2\/comments?post=14791"}],"version-history":[{"count":1,"href":"https:\/\/dgospel.com.br\/portal\/index.php\/wp-json\/wp\/v2\/posts\/14791\/revisions"}],"predecessor-version":[{"id":14793,"href":"https:\/\/dgospel.com.br\/portal\/index.php\/wp-json\/wp\/v2\/posts\/14791\/revisions\/14793"}],"wp:featuredmedia":[{"embeddable":true,"href":"https:\/\/dgospel.com.br\/portal\/index.php\/wp-json\/wp\/v2\/media\/14792"}],"wp:attachment":[{"href":"https:\/\/dgospel.com.br\/portal\/index.php\/wp-json\/wp\/v2\/media?parent=14791"}],"wp:term":[{"taxonomy":"category","embeddable":true,"href":"https:\/\/dgospel.com.br\/portal\/index.php\/wp-json\/wp\/v2\/categories?post=14791"},{"taxonomy":"post_tag","embeddable":true,"href":"https:\/\/dgospel.com.br\/portal\/index.php\/wp-json\/wp\/v2\/tags?post=14791"}],"curies":[{"name":"wp","href":"https:\/\/api.w.org\/{rel}","templated":true}]}}