{"id":14794,"date":"2023-02-16T09:08:23","date_gmt":"2023-02-16T12:08:23","guid":{"rendered":"http:\/\/dgospel.com.br\/portal\/?p=14794"},"modified":"2023-02-16T09:08:24","modified_gmt":"2023-02-16T12:08:24","slug":"nenhuma-possibilidade-diz-lira-sobre-acabar-com-autonomia-do-bc","status":"publish","type":"post","link":"https:\/\/dgospel.com.br\/portal\/index.php\/2023\/02\/16\/nenhuma-possibilidade-diz-lira-sobre-acabar-com-autonomia-do-bc\/","title":{"rendered":"\u2018Nenhuma possibilidade\u2019, diz Lira, sobre acabar com autonomia do BC"},"content":{"rendered":"\n<p>\u00a0O presidente da C\u00e2mara dos Deputados,\u00a0<a rel=\"noreferrer noopener\" href=\"https:\/\/twitter.com\/ArthurLira_\" target=\"_blank\"><strong>Arthur Lira<\/strong><\/a>\u00a0(PP-AL), descartou a possibilidade de mudan\u00e7a na autonomia do Banco Central (BC). Ele participou de um semin\u00e1rio promovido pelo banco BTG Pactual, nesta quarta-feira, 15, em S\u00e3o Paulo.<\/p>\n\n\n\n<p>O parlamentar, reeleito para mais dois anos \u00e0 frente da C\u00e2mara, classificou a independ\u00eancia da autoridade monet\u00e1ria como um \u201cavan\u00e7o\u201d que deve ser preservado.<\/p>\n\n\n\n<p>\u201cN\u00e3o pode ser pretens\u00e3o minha, mas n\u00e3o ou\u00e7o no parlamentar m\u00e9dio do Congresso nenhum sentimento de recuo dessas mat\u00e9rias que foram aprovadas\u201d, disse Lira. \u201cN\u00e3o vejo nenhuma possibilidade de mudan\u00e7a em rela\u00e7\u00e3o \u00e0 independ\u00eancia do BC.\u201d<\/p>\n\n\n\n<p>Para o presidente da C\u00e2mara, a autonomia banco \u201cfoi um avan\u00e7o, uma conquista dos \u00faltimos anos\u201d. \u201cO Brasil caminha na dire\u00e7\u00e3o do que o mundo pensa. O BC independente cuida da nossa moeda, do sistema monet\u00e1rio. Mas \u00e9 claro que ningu\u00e9m est\u00e1 acima de qualquer cr\u00edtica\u201d, ponderou.<\/p>\n\n\n\n<p>Questionado se o presidente do BC, Roberto Campos Neto, poderia ser convidado a participar de uma audi\u00eancia na C\u00e2mara dos Deputados \u2014 como querem parlamentares do PT \u2014, Lira afirmou n\u00e3o ver problema caso isso aconte\u00e7a. \u201cTenho certeza de que, se houver um convite, ele vai e tudo ser\u00e1 esclarecido.\u201d<\/p>\n\n\n\n<p>Em fevereiro de 2021, o ent\u00e3o presidente Jair Bolsonaro sancionou o projeto que deu autonomia ao BC e, assim, limitou a influ\u00eancia do Executivo sobre as decis\u00f5es relacionadas \u00e0 pol\u00edtica monet\u00e1ria. Pela regra vigente desde ent\u00e3o, os mandatos do chefe do BC e do titular do Pal\u00e1cio do Planalto n\u00e3o s\u00e3o mais coincidentes.<\/p>\n\n\n\n<p>O presidente do banco assume sempre no primeiro dia \u00fatil do terceiro ano de cada governo. Assim, o chefe do Executivo federal s\u00f3 pode efetuar uma troca no comando do BC a partir do segundo ano de gest\u00e3o. No caso do presidente Luiz In\u00e1cio Lula da Silva, isso s\u00f3 acontecer\u00e1 em 2024.<\/p>\n","protected":false},"excerpt":{"rendered":"<p>\u00a0O presidente da C\u00e2mara dos Deputados,\u00a0Arthur Lira\u00a0(PP-AL), descartou a possibilidade de mudan\u00e7a na autonomia do Banco Central (BC). Ele participou de um semin\u00e1rio promovido pelo banco BTG Pactual, nesta quarta-feira, 15, em S\u00e3o Paulo. O parlamentar, reeleito para mais dois anos \u00e0 frente da C\u00e2mara, classificou a independ\u00eancia da autoridade monet\u00e1ria como um \u201cavan\u00e7o\u201d que [&hellip;]<\/p>\n","protected":false},"author":2,"featured_media":14795,"comment_status":"open","ping_status":"open","sticky":false,"template":"","format":"standard","meta":[],"categories":[8],"tags":[],"_links":{"self":[{"href":"https:\/\/dgospel.com.br\/portal\/index.php\/wp-json\/wp\/v2\/posts\/14794"}],"collection":[{"href":"https:\/\/dgospel.com.br\/portal\/index.php\/wp-json\/wp\/v2\/posts"}],"about":[{"href":"https:\/\/dgospel.com.br\/portal\/index.php\/wp-json\/wp\/v2\/types\/post"}],"author":[{"embeddable":true,"href":"https:\/\/dgospel.com.br\/portal\/index.php\/wp-json\/wp\/v2\/users\/2"}],"replies":[{"embeddable":true,"href":"https:\/\/dgospel.com.br\/portal\/index.php\/wp-json\/wp\/v2\/comments?post=14794"}],"version-history":[{"count":1,"href":"https:\/\/dgospel.com.br\/portal\/index.php\/wp-json\/wp\/v2\/posts\/14794\/revisions"}],"predecessor-version":[{"id":14796,"href":"https:\/\/dgospel.com.br\/portal\/index.php\/wp-json\/wp\/v2\/posts\/14794\/revisions\/14796"}],"wp:featuredmedia":[{"embeddable":true,"href":"https:\/\/dgospel.com.br\/portal\/index.php\/wp-json\/wp\/v2\/media\/14795"}],"wp:attachment":[{"href":"https:\/\/dgospel.com.br\/portal\/index.php\/wp-json\/wp\/v2\/media?parent=14794"}],"wp:term":[{"taxonomy":"category","embeddable":true,"href":"https:\/\/dgospel.com.br\/portal\/index.php\/wp-json\/wp\/v2\/categories?post=14794"},{"taxonomy":"post_tag","embeddable":true,"href":"https:\/\/dgospel.com.br\/portal\/index.php\/wp-json\/wp\/v2\/tags?post=14794"}],"curies":[{"name":"wp","href":"https:\/\/api.w.org\/{rel}","templated":true}]}}