{"id":1480,"date":"2018-10-02T11:52:14","date_gmt":"2018-10-02T14:52:14","guid":{"rendered":"http:\/\/dgospel.com.br\/portal\/?p=1480"},"modified":"2018-10-02T11:52:14","modified_gmt":"2018-10-02T14:52:14","slug":"pericia-acredita-que-prefeito-de-miracema-foi-morto-fora-da-caminhonete","status":"publish","type":"post","link":"https:\/\/dgospel.com.br\/portal\/index.php\/2018\/10\/02\/pericia-acredita-que-prefeito-de-miracema-foi-morto-fora-da-caminhonete\/","title":{"rendered":"Per\u00edcia acredita que prefeito de Miracema foi morto fora da caminhonete"},"content":{"rendered":"<p>A per\u00edcia feita na\u00a0<a href=\"https:\/\/g1.globo.com\/to\/tocantins\/noticia\/2018\/08\/30\/prefeito-de-miracema-e-encontrado-morto-apos-dispensar-escolta.ghtml\"><strong>caminhonete onde o corpo do prefeito de Miracema, Mois\u00e9s da Sercon, foi encontrado\u00a0<\/strong><\/a>indica que ele foi baleado fora do carro e arrastado at\u00e9 o local ap\u00f3s o crime. Os laudos mostraram que n\u00e3o havia respingos de sangue no interior do ve\u00edculo, apenas as gotas que escorreu do ferimento dele no banco.<\/p>\n<p>A TV Anhanguera apurou que a conclus\u00e3o da per\u00edcia faz os investigadores suspeitarem que o atirador sabe como funciona uma investiga\u00e7\u00e3o policial.\u00a0<a href=\"https:\/\/g1.globo.com\/to\/tocantins\/noticia\/2018\/09\/20\/laudo-da-pericia-confirmar-que-prefeito-de-miracema-foi-assassinado.ghtml\"><strong>A cena do crime foi alterada para confundir a pol\u00edcia e for\u00e7ar a investiga\u00e7\u00e3o de v\u00e1rias hip\u00f3teses.<\/strong><\/a><\/p>\n<p>&nbsp;<\/p>\n<p>Tamb\u00e9m foram feitos exames para saber se o prefeito havia feito sexo antes de ser morto e o resultado foi negativo. Mesmo com todas as conclus\u00f5es dos laudos, a Pol\u00edcia Civil ainda n\u00e3o encontrou a pessoa respons\u00e1vel pela morte de Mois\u00e9s.<\/p>\n<p>O pol\u00edtico tinha 44 anos e foi assassinado no dia 30 de agosto.\u00a0<a href=\"https:\/\/g1.globo.com\/to\/tocantins\/noticia\/2018\/10\/01\/assassinato-do-prefeito-de-miracema-completa-um-mes-sem-que-suspeitos-tenham-sido-presos.ghtml\"><strong>A fam\u00edlia cobra agilidade nas investiga\u00e7\u00f5es.<\/strong><\/a><\/p>\n<p>&#8220;A gente n\u00e3o tem nenhuma resposta, nada. Simplesmente o laudo dizendo que n\u00e3o foi ele que se matou. Pedimos Justi\u00e7a, porque este caso n\u00e3o pode ficar impune&#8221;, diz a irm\u00e3 do prefeito, Maruzia Costa.<\/p>\n<p>Fonte:<a href=\"https:\/\/g1.globo.com\/to\/tocantins\/\"><strong><em>G1 Tocantins<\/em><\/strong><\/a><\/p>\n","protected":false},"excerpt":{"rendered":"<p>A per\u00edcia feita na\u00a0caminhonete onde o corpo do prefeito de Miracema, Mois\u00e9s da Sercon, foi encontrado\u00a0indica que ele foi baleado fora do carro e arrastado at\u00e9 o local ap\u00f3s o crime. Os laudos mostraram que n\u00e3o havia respingos de sangue no interior do ve\u00edculo, apenas as gotas que escorreu do ferimento dele no banco. A [&hellip;]<\/p>\n","protected":false},"author":2,"featured_media":1156,"comment_status":"open","ping_status":"open","sticky":false,"template":"","format":"standard","meta":[],"categories":[2,3],"tags":[],"_links":{"self":[{"href":"https:\/\/dgospel.com.br\/portal\/index.php\/wp-json\/wp\/v2\/posts\/1480"}],"collection":[{"href":"https:\/\/dgospel.com.br\/portal\/index.php\/wp-json\/wp\/v2\/posts"}],"about":[{"href":"https:\/\/dgospel.com.br\/portal\/index.php\/wp-json\/wp\/v2\/types\/post"}],"author":[{"embeddable":true,"href":"https:\/\/dgospel.com.br\/portal\/index.php\/wp-json\/wp\/v2\/users\/2"}],"replies":[{"embeddable":true,"href":"https:\/\/dgospel.com.br\/portal\/index.php\/wp-json\/wp\/v2\/comments?post=1480"}],"version-history":[{"count":1,"href":"https:\/\/dgospel.com.br\/portal\/index.php\/wp-json\/wp\/v2\/posts\/1480\/revisions"}],"predecessor-version":[{"id":1481,"href":"https:\/\/dgospel.com.br\/portal\/index.php\/wp-json\/wp\/v2\/posts\/1480\/revisions\/1481"}],"wp:featuredmedia":[{"embeddable":true,"href":"https:\/\/dgospel.com.br\/portal\/index.php\/wp-json\/wp\/v2\/media\/1156"}],"wp:attachment":[{"href":"https:\/\/dgospel.com.br\/portal\/index.php\/wp-json\/wp\/v2\/media?parent=1480"}],"wp:term":[{"taxonomy":"category","embeddable":true,"href":"https:\/\/dgospel.com.br\/portal\/index.php\/wp-json\/wp\/v2\/categories?post=1480"},{"taxonomy":"post_tag","embeddable":true,"href":"https:\/\/dgospel.com.br\/portal\/index.php\/wp-json\/wp\/v2\/tags?post=1480"}],"curies":[{"name":"wp","href":"https:\/\/api.w.org\/{rel}","templated":true}]}}