{"id":14800,"date":"2023-02-16T12:08:37","date_gmt":"2023-02-16T15:08:37","guid":{"rendered":"http:\/\/dgospel.com.br\/portal\/?p=14800"},"modified":"2023-02-16T12:08:39","modified_gmt":"2023-02-16T15:08:39","slug":"governador-wanderlei-barbosa-da-posse-a-secretaria-dos-povos-originarios-e-tradicionais-narubia-werreria","status":"publish","type":"post","link":"https:\/\/dgospel.com.br\/portal\/index.php\/2023\/02\/16\/governador-wanderlei-barbosa-da-posse-a-secretaria-dos-povos-originarios-e-tradicionais-narubia-werreria\/","title":{"rendered":"Governador Wanderlei Barbosa d\u00e1 posse \u00e0 secret\u00e1ria dos Povos Origin\u00e1rios e Tradicionais, Narubia Werreria"},"content":{"rendered":"\n<p>O Governador Wanderlei Barbosa deu posse nesta quarta-feira, 15, \u00e0 secret\u00e1ria dos Povos Origin\u00e1rios e Tradicionais do Tocantins, Narubia Werrer\u00eda, primeira ind\u00edgena a assumir uma Secretaria de Estado. A solenidade aconteceu no audit\u00f3rio do Pal\u00e1cio Araguaia e contou com a presen\u00e7a de representantes de comunidades ind\u00edgenas e quilombolas do Tocantins.<\/p>\n\n\n\n<p>Em seu discurso, o governador Wanderlei Barbosa garantiu que Narubia Werrer\u00eda ter\u00e1 autonomia para atender \u00e0s demandas das comunidades que sua Pasta representa. \u201cA secret\u00e1ria Narubia tem a miss\u00e3o de fazer um trabalho de integra\u00e7\u00e3o com as demais Secretarias de Estado e tra\u00e7ar metas para que possamos chegar at\u00e9 a essas comunidades e atender as demandas dos povos origin\u00e1rios e tradicionais. Para isso, nosso Governo vai garantir que a senhora tenha autonomia e or\u00e7amento necess\u00e1rios\u201d, enfatizou o Governador.<\/p>\n\n\n\n<p>Emocionada, a secret\u00e1ria agradeceu ao Governador e aos representantes ind\u00edgenas e quilombolas presentes. \u201c\u00c9 uma honra inigual\u00e1vel. Eu s\u00f3 posso me sentir agraciada por esse momento hist\u00f3rico, no qual estou representando tantas mulheres que foram v\u00edtimas de viol\u00eancia. Hoje n\u00f3s entramos na porta da frente do Pal\u00e1cio Araguaia para assumir a primeira Secretaria dos Povos Origin\u00e1rios, onde nenhum Governador nunca nos conduziu para esse lugar que \u00e9 nosso por direito\u201d, expressou.<\/p>\n\n\n\n<p>O vice-governador Laurez Moreira tamb\u00e9m acompanhou a posse e parabenizou todos os povos origin\u00e1rios e tradicionais em nome da nova secret\u00e1ria. \u201cEssa posse representa o reconhecimento da hist\u00f3ria dos povos tradicionais, origin\u00e1rios de nossa Terra. Representa a valoriza\u00e7\u00e3o de sua cultura, a preserva\u00e7\u00e3o dessas etnias. Parab\u00e9ns \u00e0 secret\u00e1ria Narubia e a todas as etnias do Tocantins\u201d, enfatizou.<\/p>\n\n\n\n<p>Por v\u00eddeo, a ministra dos Povos Ind\u00edgenas, S\u00f4nia Guajajara, enviou uma mensagem \u00e0 Secret\u00e1ria empossada. \u201cDesejo boa sorte, Narubia, e que voc\u00ea tenha certeza que podemos articular v\u00e1rias atividades no Tocantins juntamente com o Minist\u00e9rio\u201d, disse a Ministra.&nbsp;<\/p>\n\n\n\n<p>O deputado federal Ricardo Ayres e a senadora Dorinha representaram a Bancada Tocantinense no evento. \u201cO dia 15 de fevereiro passa a assumir uma simbologia muito importante para o Tocantins. A posse de Narubia representa a chegada desses povos e das mulheres a seu lugar de direito\u201d, parabenizou a senadora.<\/p>\n\n\n\n<p>Ainda durante a solenidade, o governador Wanderlei Barbosa recebeu de anci\u00e3os ind\u00edgenas um adorno tradicional dos Karaj\u00e1 que representa a luminosidade celeste. J\u00e1 o vice-governador ganhou das m\u00e3os da pr\u00f3pria secret\u00e1ria, o cocar que ela usava na cabe\u00e7a. Narubia Werreria, por sua vez, foi agraciada com um adorno feito pela artista Elisabete Xerente, \u201cque representa a for\u00e7a de todas as mulheres ind\u00edgenas\u201d, explicou a cacique do Povo Piabanha.<\/p>\n\n\n\n<p><strong>Solenidade<\/strong><\/p>\n\n\n\n<p>A solenidade de posse foi prestigiada por ind\u00edgenas e quilombolas. Na abertura, a cantora Thaline Karaj\u00e1 entoou o hino nacional acompanhada do grupo Tambores do Tocantins. O evento teve ainda apresenta\u00e7\u00f5es culturais de dan\u00e7a de grupos ind\u00edgenas Xerente e karaj\u00e1.<\/p>\n\n\n\n<p>Falando em suas l\u00ednguas nativas, o cacique Darcy Xerente fez um discurso de agradecimento; e o pastor Jo\u00e3o Werreria, pai da secret\u00e1ria, saudou a todos em um momento devocional.<\/p>\n\n\n\n<p><strong>Secretaria<\/strong><\/p>\n\n\n\n<p>Criada pelo governador Wanderlei Barbosa no in\u00edcio da atual gest\u00e3o, a Secretaria dos Povos Origin\u00e1rios e Tradicionais tem entre suas fun\u00e7\u00f5es propor diretrizes para a pol\u00edtica estadual de prote\u00e7\u00e3o aos povos ind\u00edgenas e quilombolas do Estado; indicar projetos, articular a\u00e7\u00f5es mediadoras, visando \u00e0 solu\u00e7\u00e3o dos conflitos sociais; promover e apoiar eventos relacionados com os seus objetivos, inclu\u00edda a intera\u00e7\u00e3o cultural, social, econ\u00f4mica e pol\u00edtica; al\u00e9m de acompanhar a execu\u00e7\u00e3o dos conv\u00eanios voltados ao desenvolvimento do p\u00fablico fim da Pasta.<\/p>\n\n\n\n<p>A gestora da pasta, Narubia Silva Werreri\u00e1, \u00e9 ativista das causas dos povos origin\u00e1rios e tradicionais, al\u00e9m de cantora, compositora, artista pl\u00e1stica, poetisa e produtora cultural. Suas origens v\u00eam do Povo Iny, na Ilha do Bananal, e desde muito cedo iniciou o seu ativismo pelos povos ind\u00edgenas. Na Universidade Federal do Tocantins, onde estudou direito, ela se destacou por defender e dar voz \u00e0s causas dos povos origin\u00e1rios, n\u00e3o somente da regi\u00e3o onde ela pertence, mas de todo o Estado.<\/p>\n\n\n\n<p><img src=\"https:\/\/central.to.gov.br\/image\/319213?w=670&amp;h=383\"><\/p>\n\n\n\n<p>Em seu discurso, o governador Wanderlei Barbosa garantiu que Narubia Werrer\u00eda ter\u00e1 autonomia para atender \u00e0s demandas das comunidades que sua Pasta representa &#8211; Antonio Gon\u00e7alves\/Governo do Tocantins\u00a0<\/p>\n\n\n\n<p><img src=\"https:\/\/central.to.gov.br\/image\/319214?w=670&amp;h=383\"><\/p>\n\n\n\n<p>Secret\u00e1ria de Estado de Povos Origin\u00e1rios e Tradicionais, Narubia Werreria, disse que somente o governador Wanderlei Barbosa e o vice- governador Laurez Moreira honraram a palavra e criaram a Pasta &#8211; Antonio Gon\u00e7alves\/Governo do Tocantins\u00a0<\/p>\n\n\n\n<p><img src=\"https:\/\/central.to.gov.br\/image\/319215?w=670&amp;h=383\"><\/p>\n\n\n\n<p>Povos Origin\u00e1rios de etnias ind\u00edgenas e das comunidades tradicionais quilombolas marcaram presen\u00e7a no Pal\u00e1cio Araguaia &#8211; Antonio Gon\u00e7alves\/Governo do Tocantins\u00a0<\/p>\n\n\n\n<p><img src=\"https:\/\/central.to.gov.br\/image\/319216?w=670&amp;h=383\"><\/p>\n\n\n\n<p>A senadora Dorinha representou a Bancada Tocantinense no evento &#8211; Antonio Gon\u00e7alves\/Governo do Tocantins\u00a0<\/p>\n\n\n\n<p><img src=\"https:\/\/central.to.gov.br\/image\/319217?w=670&amp;h=383\"><\/p>\n\n\n\n<p>O deputado federal Ricardo Ayres representou a Bancada Tocantinense no evento &#8211; Foto: Antonio Gon\u00e7alves\/Governo do Tocantins\u00a0<\/p>\n","protected":false},"excerpt":{"rendered":"<p>O Governador Wanderlei Barbosa deu posse nesta quarta-feira, 15, \u00e0 secret\u00e1ria dos Povos Origin\u00e1rios e Tradicionais do Tocantins, Narubia Werrer\u00eda, primeira ind\u00edgena a assumir uma Secretaria de Estado. A solenidade aconteceu no audit\u00f3rio do Pal\u00e1cio Araguaia e contou com a presen\u00e7a de representantes de comunidades ind\u00edgenas e quilombolas do Tocantins. Em seu discurso, o governador [&hellip;]<\/p>\n","protected":false},"author":2,"featured_media":14801,"comment_status":"open","ping_status":"open","sticky":false,"template":"","format":"standard","meta":[],"categories":[3],"tags":[13],"_links":{"self":[{"href":"https:\/\/dgospel.com.br\/portal\/index.php\/wp-json\/wp\/v2\/posts\/14800"}],"collection":[{"href":"https:\/\/dgospel.com.br\/portal\/index.php\/wp-json\/wp\/v2\/posts"}],"about":[{"href":"https:\/\/dgospel.com.br\/portal\/index.php\/wp-json\/wp\/v2\/types\/post"}],"author":[{"embeddable":true,"href":"https:\/\/dgospel.com.br\/portal\/index.php\/wp-json\/wp\/v2\/users\/2"}],"replies":[{"embeddable":true,"href":"https:\/\/dgospel.com.br\/portal\/index.php\/wp-json\/wp\/v2\/comments?post=14800"}],"version-history":[{"count":1,"href":"https:\/\/dgospel.com.br\/portal\/index.php\/wp-json\/wp\/v2\/posts\/14800\/revisions"}],"predecessor-version":[{"id":14802,"href":"https:\/\/dgospel.com.br\/portal\/index.php\/wp-json\/wp\/v2\/posts\/14800\/revisions\/14802"}],"wp:featuredmedia":[{"embeddable":true,"href":"https:\/\/dgospel.com.br\/portal\/index.php\/wp-json\/wp\/v2\/media\/14801"}],"wp:attachment":[{"href":"https:\/\/dgospel.com.br\/portal\/index.php\/wp-json\/wp\/v2\/media?parent=14800"}],"wp:term":[{"taxonomy":"category","embeddable":true,"href":"https:\/\/dgospel.com.br\/portal\/index.php\/wp-json\/wp\/v2\/categories?post=14800"},{"taxonomy":"post_tag","embeddable":true,"href":"https:\/\/dgospel.com.br\/portal\/index.php\/wp-json\/wp\/v2\/tags?post=14800"}],"curies":[{"name":"wp","href":"https:\/\/api.w.org\/{rel}","templated":true}]}}