{"id":14806,"date":"2023-02-20T11:41:10","date_gmt":"2023-02-20T14:41:10","guid":{"rendered":"http:\/\/dgospel.com.br\/portal\/?p=14806"},"modified":"2023-02-20T11:41:11","modified_gmt":"2023-02-20T14:41:11","slug":"vereador-rubens-uchoa-denuncia-falta-de-profissionais-para-alunos-com-espectro-autista-nas-escolas-municipais-de-palmas","status":"publish","type":"post","link":"https:\/\/dgospel.com.br\/portal\/index.php\/2023\/02\/20\/vereador-rubens-uchoa-denuncia-falta-de-profissionais-para-alunos-com-espectro-autista-nas-escolas-municipais-de-palmas\/","title":{"rendered":"Vereador Rubens Uch\u00f4a denuncia falta de profissionais para alunos com espectro autista\u00a0nas escolas municipais de Palmas"},"content":{"rendered":"\n<p>O vereador Rubens Uch\u00f4a (Uni\u00e3o Brasil), usou a tribuna da Casa de Leis, na manh\u00e3 de quinta-feira (16), para denunciar a falta de profissionais da educa\u00e7\u00e3o para alunos com transtorno do espectro autista nas escolas municipais de Palmas.<\/p>\n\n\n\n<p>Conforme o parlamentar, somente na semana passada, foram feitas duas denuncias graves na Educa\u00e7\u00e3o do munic\u00edpio.<\/p>\n\n\n\n<p>\u201dDesde o ano passado alguns pais vieram reclamar sobre algumas situa\u00e7\u00f5es tristes que veem acontecendo nos Cmeis da Capital. Crian\u00e7as com transtorno espectro autista que por lei \u00e9 assegurado o direito primeiramente da matr\u00edcula, segundo de ter um acompanhamento, um profissional capacitado para esta-lo auxiliando\u201d, disse Rubens.<\/p>\n\n\n\n<p>Ele ainda ressaltou: \u201dExistem pais que n\u00e3o est\u00e3o levando seus filhos autistas para escola por falta de profissionais para los acompanhar. O meu papel \u00e9 subir nessa tribuna aqui e cobrar\u201d<\/p>\n\n\n\n<p>\u201dIsso \u00e9 revoltante, isso \u00e9 triste, e n\u00e3o \u00e9 apenas a situa\u00e7\u00e3o de um pai que me chamou aten\u00e7\u00e3o. S\u00f3 quem tem um filho autista sabe o quanto \u00e9 dif\u00edcil, e a luta que um professor que est\u00e1 dando aulas para uma crian\u00e7a com o transtorno espectro autista\u201d, disse.<\/p>\n\n\n\n<p>Lei que favorece pessoas com Transtorno Espectro Autista, em Palmas<\/p>\n\n\n\n<p>O vereador Rubens Uch\u00f4a teve uma lei sancionada,&nbsp; N\u00ba 2.633, que disp\u00f5e o prazo de validade indeterminado do laudo m\u00e9dico-pericial que atesta o Transtorno do Espectro Autista \u2014 TEA, em Palmas.<\/p>\n\n\n\n<p>De acordo com Rubens, os parlamentares da C\u00e2mara de Palmas, est\u00e3o sempre atentos \u00e0s pol\u00edticas p\u00fablicas, com olhares profundamente nas necessidades familiares e que essa Lei \u00e9 muito importante que visa assistir essas pessoas e com isso oportunizar acesso direto para obten\u00e7\u00e3o de benef\u00edcios para pessoas identificadas com o TEA.<\/p>\n\n\n\n<p>Transtorno do espectro autista<\/p>\n\n\n\n<p>O transtorno do espectro autista (TEA) se refere a uma s\u00e9rie de condi\u00e7\u00f5es caracterizadas por algum grau de comprometimento no comportamento social, na comunica\u00e7\u00e3o e na linguagem, e por uma gama estreita de interesses e atividades \u00fanicas para o indiv\u00edduo e realizadas repetitivamente.<\/p>\n","protected":false},"excerpt":{"rendered":"<p>O vereador Rubens Uch\u00f4a (Uni\u00e3o Brasil), usou a tribuna da Casa de Leis, na manh\u00e3 de quinta-feira (16), para denunciar a falta de profissionais da educa\u00e7\u00e3o para alunos com transtorno do espectro autista nas escolas municipais de Palmas. Conforme o parlamentar, somente na semana passada, foram feitas duas denuncias graves na Educa\u00e7\u00e3o do munic\u00edpio. \u201dDesde [&hellip;]<\/p>\n","protected":false},"author":2,"featured_media":14807,"comment_status":"open","ping_status":"open","sticky":false,"template":"","format":"standard","meta":[],"categories":[8],"tags":[],"_links":{"self":[{"href":"https:\/\/dgospel.com.br\/portal\/index.php\/wp-json\/wp\/v2\/posts\/14806"}],"collection":[{"href":"https:\/\/dgospel.com.br\/portal\/index.php\/wp-json\/wp\/v2\/posts"}],"about":[{"href":"https:\/\/dgospel.com.br\/portal\/index.php\/wp-json\/wp\/v2\/types\/post"}],"author":[{"embeddable":true,"href":"https:\/\/dgospel.com.br\/portal\/index.php\/wp-json\/wp\/v2\/users\/2"}],"replies":[{"embeddable":true,"href":"https:\/\/dgospel.com.br\/portal\/index.php\/wp-json\/wp\/v2\/comments?post=14806"}],"version-history":[{"count":1,"href":"https:\/\/dgospel.com.br\/portal\/index.php\/wp-json\/wp\/v2\/posts\/14806\/revisions"}],"predecessor-version":[{"id":14808,"href":"https:\/\/dgospel.com.br\/portal\/index.php\/wp-json\/wp\/v2\/posts\/14806\/revisions\/14808"}],"wp:featuredmedia":[{"embeddable":true,"href":"https:\/\/dgospel.com.br\/portal\/index.php\/wp-json\/wp\/v2\/media\/14807"}],"wp:attachment":[{"href":"https:\/\/dgospel.com.br\/portal\/index.php\/wp-json\/wp\/v2\/media?parent=14806"}],"wp:term":[{"taxonomy":"category","embeddable":true,"href":"https:\/\/dgospel.com.br\/portal\/index.php\/wp-json\/wp\/v2\/categories?post=14806"},{"taxonomy":"post_tag","embeddable":true,"href":"https:\/\/dgospel.com.br\/portal\/index.php\/wp-json\/wp\/v2\/tags?post=14806"}],"curies":[{"name":"wp","href":"https:\/\/api.w.org\/{rel}","templated":true}]}}